{"id":2143,"date":"2023-08-11T12:20:45","date_gmt":"2023-08-11T09:20:45","guid":{"rendered":"https:\/\/haberkaradenizim.com\/index.php\/2023\/08\/11\/transfer-haberi-fenerbahceden-galatasaraya-flas-calim-yildiz-oyuncu-icin-harekete-gecildi\/"},"modified":"2023-08-11T12:20:45","modified_gmt":"2023-08-11T09:20:45","slug":"transfer-haberi-fenerbahceden-galatasaraya-flas-calim-yildiz-oyuncu-icin-harekete-gecildi","status":"publish","type":"post","link":"https:\/\/haberkaradenizim.com\/index.php\/2023\/08\/11\/transfer-haberi-fenerbahceden-galatasaraya-flas-calim-yildiz-oyuncu-icin-harekete-gecildi\/","title":{"rendered":"TRANSFER HABER\u0130 &#8211; Fenerbah\u00e7e\u2019den Galatasaray\u2019a fla\u015f \u00e7al\u0131m! Y\u0131ld\u0131z oyuncu i\u00e7in harekete ge\u00e7ildi"},"content":{"rendered":"<p><\n\n<div data-index=\"16\">\n<figure class=\"featured-image view-10 view-md-20\">&#13;<br \/>\n                                    <a href=\"https:\/\/iaftm.tmgrup.com.tr\/64319b\/0\/0\/0\/0\/0\/0?u=https:\/\/iftm.tmgrup.com.tr\/album\/2023\/08\/11\/transfer-haberi-fenerbahceden-galatasaraya-flas-calim-yildiz-oyuncu-icin-harekete-gecildi-1691740785166.jpg&amp;mw=1200&amp;l=1\" class=\"fancybox-effects\">&#13;\n                                        <picture>&#13;<br \/>\n                                            <img decoding=\"async\" src=\"https:\/\/iaftm.tmgrup.com.tr\/3ca49c\/0\/0\/0\/0\/0\/0?u=https:\/\/iftm.tmgrup.com.tr\/album\/2023\/08\/11\/transfer-haberi-fenerbahceden-galatasaraya-flas-calim-yildiz-oyuncu-icin-harekete-gecildi-1691740785166.jpg&amp;mw=752&amp;mh=700&amp;l=1\" alt=\"TRANSFER HABER\u0130 - Fenerbah\u00e7e'den Galatasaray'a fla\u015f \u00e7al\u0131m! Y\u0131ld\u0131z oyuncu i\u00e7in harekete ge\u00e7ildi\" class=\"lazyload\"\/> <!-- mobile -->&#13;\n                                        <\/picture>&#13;<br \/>\n                                    <\/a>&#13;<br \/>\n                                <\/figure>\n<section class=\"detail-text-content\">&#13;<\/p>\n<p><strong><span style=\"background-color:#FFD700\">TANGUY NDOMBELE K\u0130MD\u0130R?<\/span><\/strong><\/p>\n<p>Ndombele, 28 Aral\u0131k 1996 y\u0131l\u0131nda <a href=\"https:\/\/www.fotomac.com.tr\/haberleri\/fransa\" target=\"_blank\" class=\"tkktLnk\" rel=\"noopener\">Fransa<\/a>&#8216;da d\u00fcnyaya gelmi\u015ftir. <\/p>\n<p>  &#13;<br \/>\n&#13;<br \/>\n&#13;<br \/>\n                                <\/section>\n<\/p><\/div>\n<div data-index=\"17\">\n<figure class=\"featured-image view-10 view-md-20\">&#13;<br \/>\n                                    <a href=\"https:\/\/iaftm.tmgrup.com.tr\/c78d9a\/0\/0\/0\/0\/0\/0?u=https:\/\/iftm.tmgrup.com.tr\/album\/2023\/08\/11\/transfer-haberi-fenerbahceden-galatasaraya-flas-calim-yildiz-oyuncu-icin-harekete-gecildi-1691740791705.jpg&amp;mw=1200&amp;l=1\" class=\"fancybox-effects\">&#13;\n                                        <picture>&#13;<br \/>\n                                            <img decoding=\"async\" src=\"https:\/\/iaftm.tmgrup.com.tr\/a7a5a0\/0\/0\/0\/0\/0\/0?u=https:\/\/iftm.tmgrup.com.tr\/album\/2023\/08\/11\/transfer-haberi-fenerbahceden-galatasaraya-flas-calim-yildiz-oyuncu-icin-harekete-gecildi-1691740791705.jpg&amp;mw=752&amp;mh=700&amp;l=1\" alt=\"TRANSFER HABER\u0130 - Fenerbah\u00e7e'den Galatasaray'a fla\u015f \u00e7al\u0131m! Y\u0131ld\u0131z oyuncu i\u00e7in harekete ge\u00e7ildi\" class=\"lazyload\"\/> <!-- mobile -->&#13;\n                                        <\/picture>&#13;<br \/>\n                                    <\/a>&#13;<br \/>\n                                <\/figure>\n<section class=\"detail-text-content\">&#13;<\/p>\n<p>181 cm boyundaki Ndombele, merkez orta saha olarak g\u00f6rev yapmaktad\u0131r. 22 milyon euro piyasa de\u011feri bulunmaktad\u0131r. Sa\u011f ayakl\u0131d\u0131r. <\/p>\n<p>&#13;<br \/>\n&#13;<br \/>\n&#13;<br \/>\n                                <\/section>\n<\/p><\/div>\n","protected":false},"excerpt":{"rendered":"<p>< &#13; &#13; &#13; &#13; &#13; &#13; &#13; TANGUY NDOMBELE K\u0130MD\u0130R? Ndombele, 28 Aral\u0131k 1996\n<\/p>\n","protected":false},"author":1,"featured_media":2144,"comment_status":"open","ping_status":"open","sticky":false,"template":"","format":"standard","meta":{"footnotes":""},"categories":[29],"tags":[],"class_list":["post-2143","post","type-post","status-publish","format-standard","has-post-thumbnail","hentry","category-spor"],"_links":{"self":[{"href":"https:\/\/haberkaradenizim.com\/index.php\/wp-json\/wp\/v2\/posts\/2143","targetHints":{"allow":["GET"]}}],"collection":[{"href":"https:\/\/haberkaradenizim.com\/index.php\/wp-json\/wp\/v2\/posts"}],"about":[{"href":"https:\/\/haberkaradenizim.com\/index.php\/wp-json\/wp\/v2\/types\/post"}],"author":[{"embeddable":true,"href":"https:\/\/haberkaradenizim.com\/index.php\/wp-json\/wp\/v2\/users\/1"}],"replies":[{"embeddable":true,"href":"https:\/\/haberkaradenizim.com\/index.php\/wp-json\/wp\/v2\/comments?post=2143"}],"version-history":[{"count":0,"href":"https:\/\/haberkaradenizim.com\/index.php\/wp-json\/wp\/v2\/posts\/2143\/revisions"}],"wp:featuredmedia":[{"embeddable":true,"href":"https:\/\/haberkaradenizim.com\/index.php\/wp-json\/wp\/v2\/media\/2144"}],"wp:attachment":[{"href":"https:\/\/haberkaradenizim.com\/index.php\/wp-json\/wp\/v2\/media?parent=2143"}],"wp:term":[{"taxonomy":"category","embeddable":true,"href":"https:\/\/haberkaradenizim.com\/index.php\/wp-json\/wp\/v2\/categories?post=2143"},{"taxonomy":"post_tag","embeddable":true,"href":"https:\/\/haberkaradenizim.com\/index.php\/wp-json\/wp\/v2\/tags?post=2143"}],"curies":[{"name":"wp","href":"https:\/\/api.w.org\/{rel}","templated":true}]}}