{"id":2137,"date":"2023-08-11T00:19:50","date_gmt":"2023-08-10T21:19:50","guid":{"rendered":"https:\/\/haberkaradenizim.com\/index.php\/2023\/08\/11\/patrick-kluivert-calistigimizin-karsiligini-aliyoruz-son-dakika-adana-demirspor-haberleri\/"},"modified":"2023-08-11T00:19:50","modified_gmt":"2023-08-10T21:19:50","slug":"patrick-kluivert-calistigimizin-karsiligini-aliyoruz-son-dakika-adana-demirspor-haberleri","status":"publish","type":"post","link":"https:\/\/haberkaradenizim.com\/index.php\/2023\/08\/11\/patrick-kluivert-calistigimizin-karsiligini-aliyoruz-son-dakika-adana-demirspor-haberleri\/","title":{"rendered":"Patrick Kluivert: \u00c7al\u0131\u015ft\u0131\u011f\u0131m\u0131z\u0131n kar\u015f\u0131l\u0131\u011f\u0131n\u0131 al\u0131yoruz! &#8211; Son dakika Adana Demirspor haberleri"},"content":{"rendered":"<p><<img decoding=\"async\" src=\"https:\/\/iaftm.tmgrup.com.tr\/2a2f61\/622\/349\/0\/0\/800\/448?u=https:\/\/iftm.tmgrup.com.tr\/2023\/08\/10\/patrick-kluivert-calistigimizin-karsiligini-aliyoruz-1691701098385.jpeg\" \/><\/p>\n<div id=\"\">&#13;<br \/>\n&#13;<br \/>\n&#13;<\/p>\n<p><a href=\"https:\/\/www.fotomac.com.tr\/haberleri\/super-lig?id=9198d716-c5e4-4b0f-84d7-c7955c662dd8\" class=\"\">S\u00fcper Lig<\/a> ekiplerinden temsilcimiz <a href=\"https:\/\/www.fotomac.com.tr\/haberleri\/adana-demirspor?id=8a1f2b07-5c2f-4b97-a615-bfe2475b4abf\" class=\"\">Adana Demirspor<\/a>, <a href=\"https:\/\/www.fotomac.com.tr\/haberleri\/uefa-konferans-ligi-3?id=7e26cd82-dec1-4fe6-b7ef-707c50ced80c\" class=\"\">UEFA Konferans Ligi 3<\/a>. \u00f6n eleme turu ilk ma\u00e7\u0131nda H\u0131rvat ekibi <a href=\"https:\/\/www.fotomac.com.tr\/haberleri\/osijek?id=3d8cf44c-c6ef-44bd-b7f6-8ad2cce2d480\" class=\"\">Osijek<\/a>&#8216;i 5-1&#8217;lik skorla ma\u011flup etti.<\/p>\n<p>&#13;<br \/>\n&#13;<\/p>\n<p>Kar\u015f\u0131la\u015fman\u0131n ard\u0131ndan teknik direkt\u00f6r <a href=\"https:\/\/www.fotomac.com.tr\/haberleri\/patrick-kluivert?id=02d2894f-ae96-4a9e-a390-9dfba683b4cb\" class=\"\">Patrick Kluivert<\/a> a\u00e7\u0131klamalarda bulundu.<\/p>\n<p>&#13;<br \/>\n&#13;<\/p>\n<p><strong>\u0130\u015eTE O S\u00d6ZLER:<\/strong><\/p>\n<p>&#13;<br \/>\n&#13;<\/p>\n<p>Bu tarz sonu\u00e7lar almak i\u00e7in \u00e7ok \u00e7al\u0131\u015f\u0131yoruz. Beklentinin d\u0131\u015f\u0131nda gibi g\u00f6r\u00fcnse de \u00e7al\u0131\u015ft\u0131\u011f\u0131m\u0131z\u0131n kar\u015f\u0131l\u0131\u011f\u0131n\u0131 al\u0131yoruz. &#8216;Pastan\u0131n \u00fczerindeki kiraz&#8217; gibi diyebiliriz.<\/p>\n<p>&#13;<br \/>\n&#13;<br \/>\n&#13;\n                <\/p><\/div>\n","protected":false},"excerpt":{"rendered":"","protected":false},"author":1,"featured_media":2138,"comment_status":"open","ping_status":"open","sticky":false,"template":"","format":"standard","meta":{"footnotes":""},"categories":[29],"tags":[],"class_list":["post-2137","post","type-post","status-publish","format-standard","has-post-thumbnail","hentry","category-spor"],"_links":{"self":[{"href":"https:\/\/haberkaradenizim.com\/index.php\/wp-json\/wp\/v2\/posts\/2137","targetHints":{"allow":["GET"]}}],"collection":[{"href":"https:\/\/haberkaradenizim.com\/index.php\/wp-json\/wp\/v2\/posts"}],"about":[{"href":"https:\/\/haberkaradenizim.com\/index.php\/wp-json\/wp\/v2\/types\/post"}],"author":[{"embeddable":true,"href":"https:\/\/haberkaradenizim.com\/index.php\/wp-json\/wp\/v2\/users\/1"}],"replies":[{"embeddable":true,"href":"https:\/\/haberkaradenizim.com\/index.php\/wp-json\/wp\/v2\/comments?post=2137"}],"version-history":[{"count":0,"href":"https:\/\/haberkaradenizim.com\/index.php\/wp-json\/wp\/v2\/posts\/2137\/revisions"}],"wp:featuredmedia":[{"embeddable":true,"href":"https:\/\/haberkaradenizim.com\/index.php\/wp-json\/wp\/v2\/media\/2138"}],"wp:attachment":[{"href":"https:\/\/haberkaradenizim.com\/index.php\/wp-json\/wp\/v2\/media?parent=2137"}],"wp:term":[{"taxonomy":"category","embeddable":true,"href":"https:\/\/haberkaradenizim.com\/index.php\/wp-json\/wp\/v2\/categories?post=2137"},{"taxonomy":"post_tag","embeddable":true,"href":"https:\/\/haberkaradenizim.com\/index.php\/wp-json\/wp\/v2\/tags?post=2137"}],"curies":[{"name":"wp","href":"https:\/\/api.w.org\/{rel}","templated":true}]}}