{"id":2133,"date":"2023-08-10T10:38:00","date_gmt":"2023-08-10T07:38:00","guid":{"rendered":"https:\/\/haberkaradenizim.com\/index.php\/2023\/08\/10\/kulislerden-yeni-haber-memurlar-icin-kira-yardiminda-yeni-gelisme\/"},"modified":"2023-08-10T10:38:00","modified_gmt":"2023-08-10T07:38:00","slug":"kulislerden-yeni-haber-memurlar-icin-kira-yardiminda-yeni-gelisme","status":"publish","type":"post","link":"https:\/\/haberkaradenizim.com\/index.php\/2023\/08\/10\/kulislerden-yeni-haber-memurlar-icin-kira-yardiminda-yeni-gelisme\/","title":{"rendered":"Kulislerden Yeni Haber: Memurlar \u0130\u00e7in Kira Yard\u0131m\u0131nda Yeni Geli\u015fme!"},"content":{"rendered":"<div data-text-id=\"26329\" property=\"articleBody\">\n<p><a href=\"https:\/\/www.saglikpersonelihaber.net\/haberleri\" class=\"internal_link\" target=\"_blank\" title=\"\" rel=\"noopener\">6 ayl\u0131k Toplu S\u00f6zle\u015fme s\u00fcreci boyunca ele al\u0131nacak olan zamlar\u0131n yan\u0131 s\u0131ra, masada toplam 139 farkl\u0131 teklif bulunuyor. Bu tekliflerden biri de memurlara kira yard\u0131m\u0131 konusu olarak \u00f6ne \u00e7\u0131k\u0131yor. Ancak, memurlara kira yard\u0131m\u0131 konusunda hen\u00fcz kesin bir sonuca var\u0131lmam\u0131\u015f durumda.<\/p>\n<p>G\u00f6r\u00fc\u015fmelerin seyrine dair kulis bilgilerine g\u00f6re, memurlara kira yard\u0131m\u0131 konusunda olumlu geli\u015fmeler ya\u015fanabilece\u011fi \u00f6ng\u00f6r\u00fcl\u00fcyor. \u00d6zellikle b\u00fcy\u00fck\u015fehirlerdeki memurlara y\u00f6nelik kira yard\u0131m\u0131n\u0131n g\u00fcndeme gelmesi bekleniyor. Bu konu, se\u00e7im \u00f6ncesinde s\u0131k\u00e7a tart\u0131\u015f\u0131lan bir konu olmu\u015f ve \u015fimdi toplu s\u00f6zle\u015fme g\u00f6r\u00fc\u015fmelerinde sonu\u00e7lanmas\u0131 planlan\u0131yor.<\/p>\n<div class=\"post-flash\">\n        <!--\n\n<h3 class=\"post-flash__title\">G&ouml;zden ka&ccedil;&#305;rmay&#305;n<\/h3>\n\n--><br \/>\n                <a href=\"https:\/\/www.saglikpersonelihaber.net\/sehir-hastanesinde-sozlesmeli-mudurler-arasindaki-torpil-yarisi\" class=\"post-flash__content\" target=\"_self\" title=\"\u015eehir Hastanesinde S\u00f6zle\u015fmeli M\u00fcd\u00fcrler Aras\u0131ndaki Torpil Yar\u0131\u015f\u0131!\" style=\"background-color: #1C38A6\" rel=\"noopener\"><br \/>\n            <img loading=\"lazy\" decoding=\"async\" src=\"https:\/\/saglikpersonelihabernet.teimg.com\/crop\/250x150\/saglikpersonelihaber-net\/uploads\/2023\/08\/gaziantep-sehir-hastanesi.jpg\" alt=\"\u015eehir Hastanesinde S\u00f6zle\u015fmeli M\u00fcd\u00fcrler Aras\u0131ndaki Torpil Yar\u0131\u015f\u0131!\" width=\"231\" height=\"140\" class=\"content-paragraph-image\"\/><br \/>\n            <span class=\"post-flash__heading\"><br \/>\n                <span class=\"post-flash__h4\">\u015eehir Hastanesinde S\u00f6zle\u015fmeli M\u00fcd\u00fcrler Aras\u0131ndaki Torpil Yar\u0131\u015f\u0131!<\/span><br \/>\n            <\/span><br \/>\n        <\/a>\n            <\/div>\n<p>Ancak, kira yard\u0131m\u0131n\u0131n miktar\u0131 ve nas\u0131l uygulanaca\u011f\u0131na dair hen\u00fcz net bir karar al\u0131nmam\u0131\u015f durumda.<\/p>\n<\/p><\/div>\n","protected":false},"excerpt":{"rendered":"<p>6 ayl\u0131k Toplu S\u00f6zle\u015fme s\u00fcreci boyunca ele al\u0131nacak olan zamlar\u0131n yan\u0131 s\u0131ra, masada toplam 139<\/p>\n","protected":false},"author":1,"featured_media":2134,"comment_status":"open","ping_status":"open","sticky":false,"template":"","format":"standard","meta":{"footnotes":""},"categories":[27],"tags":[],"class_list":["post-2133","post","type-post","status-publish","format-standard","has-post-thumbnail","hentry","category-saglik"],"_links":{"self":[{"href":"https:\/\/haberkaradenizim.com\/index.php\/wp-json\/wp\/v2\/posts\/2133","targetHints":{"allow":["GET"]}}],"collection":[{"href":"https:\/\/haberkaradenizim.com\/index.php\/wp-json\/wp\/v2\/posts"}],"about":[{"href":"https:\/\/haberkaradenizim.com\/index.php\/wp-json\/wp\/v2\/types\/post"}],"author":[{"embeddable":true,"href":"https:\/\/haberkaradenizim.com\/index.php\/wp-json\/wp\/v2\/users\/1"}],"replies":[{"embeddable":true,"href":"https:\/\/haberkaradenizim.com\/index.php\/wp-json\/wp\/v2\/comments?post=2133"}],"version-history":[{"count":0,"href":"https:\/\/haberkaradenizim.com\/index.php\/wp-json\/wp\/v2\/posts\/2133\/revisions"}],"wp:featuredmedia":[{"embeddable":true,"href":"https:\/\/haberkaradenizim.com\/index.php\/wp-json\/wp\/v2\/media\/2134"}],"wp:attachment":[{"href":"https:\/\/haberkaradenizim.com\/index.php\/wp-json\/wp\/v2\/media?parent=2133"}],"wp:term":[{"taxonomy":"category","embeddable":true,"href":"https:\/\/haberkaradenizim.com\/index.php\/wp-json\/wp\/v2\/categories?post=2133"},{"taxonomy":"post_tag","embeddable":true,"href":"https:\/\/haberkaradenizim.com\/index.php\/wp-json\/wp\/v2\/tags?post=2133"}],"curies":[{"name":"wp","href":"https:\/\/api.w.org\/{rel}","templated":true}]}}