{"id":2131,"date":"2023-08-10T12:17:30","date_gmt":"2023-08-10T09:17:30","guid":{"rendered":"https:\/\/haberkaradenizim.com\/index.php\/2023\/08\/10\/trendyol-1-ligde-2023-2024-sezonu-basliyor-son-dakika-tff-1-lig-haberleri\/"},"modified":"2023-08-10T12:17:30","modified_gmt":"2023-08-10T09:17:30","slug":"trendyol-1-ligde-2023-2024-sezonu-basliyor-son-dakika-tff-1-lig-haberleri","status":"publish","type":"post","link":"https:\/\/haberkaradenizim.com\/index.php\/2023\/08\/10\/trendyol-1-ligde-2023-2024-sezonu-basliyor-son-dakika-tff-1-lig-haberleri\/","title":{"rendered":"Trendyol 1. Lig\u2019de 2023-2024 sezonu ba\u015fl\u0131yor! &#8211; Son dakika TFF 1.Lig haberleri"},"content":{"rendered":"<p><<img decoding=\"async\" src=\"https:\/\/iaftm.tmgrup.com.tr\/ab525a\/622\/349\/0\/0\/740\/414?u=https:\/\/iftm.tmgrup.com.tr\/2023\/08\/10\/trendyol-1-ligde-2023-2024-sezonu-basliyor-1691655033451.jpg\" \/><\/p>\n<div id=\"\">&#13;<br \/>\n&#13;<br \/>\n&#13;<\/p>\n<p><a href=\"https:\/\/www.fotomac.com.tr\/haberleri\/trendyol-1?id=0b666ba9-f2c9-44a2-861f-b8c07656da1d\" class=\"\">Trendyol 1<\/a>. Lig&#8217;de 2023-2024 sezonu, yar\u0131n yap\u0131lacak tek ma\u00e7la ba\u015flayacak.<\/p>\n<p>&#13;<\/p>\n<p>Ligde ge\u00e7en sezon S\u00fcper Lig&#8217;den d\u00fc\u015fen Bitexen Giresunspor ve \u00dcmraniyespor&#8217;un yan\u0131 s\u0131ra Adanaspor, Altay, Ankara Ke\u00e7i\u00f6reng\u00fcc\u00fc, Teks\u00fct Band\u0131rmaspor, Bodrum FK, Ahlatc\u0131 \u00c7orum FK, Boluspor, Erzurumspor FK, Ey\u00fcpspor, Gen\u00e7lerbirli\u011fi, G\u00f6ztepe, Kocaelispor, Manisa FK, Sakaryaspor, \u015eanl\u0131urfaspor ve Tuzlaspor kat\u0131lacak.<\/p>\n<p>&#13;<\/p>\n<p>Toplam 14 ilden 18 tak\u0131m\u0131n yer alaca\u011f\u0131 ligde, Kahramanmara\u015f merkezli 6 \u015eubat depremlerinden etkilenen Yeni Malatyaspor haklar\u0131 sakl\u0131 kalmak kayd\u0131yla m\u00fccadele edemeyecek.<\/p>\n<p>&#13;<\/p>\n<p><strong>HEDEF S\u00dcPER L\u0130G<\/strong><\/p>\n<p>&#13;<\/p>\n<p>S\u0131ralamada yer alacak ilk 2 tak\u0131m\u0131n do\u011frudan S\u00fcper Lig&#8217;e y\u00fckselece\u011fi organizasyonda, takip eden 5 ekip de S\u00fcper Lig&#8217;e y\u00fckselen son tak\u0131m olmak i\u00e7in m\u00fccadele edecek. Bu sezona kadar 4 tak\u0131m\u0131n kat\u0131ld\u0131\u011f\u0131 play-off etab\u0131nda de\u011fi\u015ftirilen stat\u00fcyle, ligi 3. s\u0131rada bitirecek ekip do\u011frudan play-off finaline y\u00fckselecek.<\/p>\n<p>&#13;<br \/>\n&#13;<\/p>\n<p>Normal sezonda 4, 5, 6 ve 7. s\u0131rada yer alan tak\u0131mlar, tek ma\u00e7 eleme usul\u00fcne g\u00f6re birbirleriyle kar\u015f\u0131la\u015facak. M\u00fcsabakalar, ligi 4&#8217;\u00fcnc\u00fc ve 5&#8217;inci basamakta bitiren ekiplerin sahas\u0131nda oynanacak.<\/p>\n<p>&#13;<\/p>\n<p>Bu m\u00fccadeleleri kazanan tak\u0131mlar, ilk m\u00fccadeleyi ligi daha alt s\u0131rada bitiren ekibin sahas\u0131nda oynanacak \u015fekilde, \u00e7ift ma\u00e7 eleme usul\u00fcne g\u00f6re yapacak. \u0130ki m\u00fcsabaka sonunda rakibine \u00fcst\u00fcnl\u00fck kuran ekip, ad\u0131n\u0131 play-off finaline yazd\u0131racak.<\/p>\n<p>&#13;<\/p>\n<p>Ligde son 3 s\u0131rada yer alacak ekipler TFF 2. Lig&#8217;e d\u00fc\u015fecek.<\/p>\n<p>&#13;<\/p>\n<p><strong>SEZON TAKV\u0130M\u0130<\/strong><\/p>\n<p>&#13;<\/p>\n<p>Trendyol 1. Lig, yar\u0131n yap\u0131lacak tek ma\u00e7la ba\u015flayacak.<\/p>\n<p>&#13;<\/p>\n<p>Ligde ilk yar\u0131 25 Aral\u0131k&#8217;ta yap\u0131lacak 17. hafta m\u00fcsabakalar\u0131 ile sona erecek. \u0130kinci yar\u0131s\u0131 12 Ocak&#8217;ta ba\u015flayacak ligde normal sezon 12 May\u0131s 2024&#8217;te tamamlanacak ve ard\u0131ndan play-off m\u00fcsabakalar\u0131 oynanacak.<\/p>\n<p>&#13;<\/p>\n<p>Sadece 28. hafta m\u00fcsabakalar\u0131 yerel se\u00e7imler nedeniyle hafta i\u00e7inde yap\u0131lacak.<\/p>\n<p>&#13;<\/p>\n<p><strong>YABANCI OYUNCU STAT\u00dcS\u00dc<\/strong><\/p>\n<p>&#13;<\/p>\n<p>Tak\u0131mlar 30 futbolcudan olu\u015facak A tak\u0131m listelerinde en az biri 1 Ocak 1999 ve sonras\u0131 do\u011fumlu olmak \u00fczere 8 yabanc\u0131 oyuncu bulundurabilecek.<\/p>\n<p>&#13;<\/p>\n<p>Kul\u00fcpler, <a href=\"https:\/\/www.fotomac.com.tr\/haberleri\/turkiye-a-milli-futbol-takimi?id=0a58fc32-8cb6-4930-93fe-9d9dff936ff5\" class=\"\">T\u00fcrkiye A Milli Futbol Tak\u0131m\u0131<\/a>&#8216;nda oynama uygunlu\u011fu bulunmayan 8 futbolcuya ilaveten Azerbaycan, Kazakistan, K\u0131rg\u0131zistan, \u00d6zbekistan ve T\u00fcrkmenistan \u00fclkelerinin vatanda\u015f\u0131 olan en fazla 1 futbolcu ve T\u00fcrkiye A Milli Futbol Tak\u0131m\u0131&#8217;nda oynama uygunlu\u011fu bulunmamakla birlikte T\u00fcrk vatanda\u015fl\u0131\u011f\u0131 veya mavi kart sahibi olan en fazla 1 futbolcu ile de transfer ve tescil d\u00f6nemleri i\u00e7erisinde s\u00f6zle\u015fme imzalayabilecek.<\/p>\n<p>&#13;<\/p>\n<p>Tak\u0131mlar, 8 yabanc\u0131 futbolunun tamam\u0131n\u0131 m\u00fcsabaka listesine yazd\u0131rabilecek ama ayn\u0131 anda 5 yabanc\u0131 oyuncuyu oynatabilecek. Kul\u00fcpler, T\u00fcrki Cumhuriyetler ile T\u00fcrkiye A Milli Futbol Tak\u0131m\u0131&#8217;nda oynama uygunlu\u011fu bulunmamakla birlikte T\u00fcrk vatanda\u015fl\u0131\u011f\u0131 veya mavi kart sahibi olan futbolculardan birini, yabanc\u0131 stat\u00fcs\u00fcne tak\u0131lmadan m\u00fcsabaka listesine yazd\u0131rarak sahaya s\u00fcrebilecek.<\/p>\n<p>&#13;<\/p>\n<p><strong>TRANSFER D\u00d6NEMLER\u0130<\/strong><\/p>\n<p>&#13;<\/p>\n<p>Futbolda, 26 Haziran&#8217;da ba\u015flayan birinci transfer ve tescil d\u00f6nemi, 15 Eyl\u00fcl&#8217;de sona erecek.<\/p>\n<p>&#13;<\/p>\n<p>&#8220;Ara transfer&#8221; olarak adland\u0131r\u0131lan ikinci transfer ve tescil d\u00f6nemi ise 11 Ocak 2024&#8217;te ba\u015flay\u0131p 9 \u015eubat 2024&#8217;te tamamlanacak.<\/p>\n<p>&#13;<\/p>\n<p><strong>\u0130LK HAFTA PROGRAMI<\/strong><\/p>\n<p>&#13;<\/p>\n<p>Trendyol 1. Lig&#8217;de ilk haftan\u0131n m\u00fcsabaka program\u0131 \u015f\u00f6yle:<\/p>\n<p>&#13;<\/p>\n<p><strong>Yar\u0131n:<\/strong><\/p>\n<p>&#13;<\/p>\n<p>21.00 Boluspor-Adanaspor (Bolu Atat\u00fcrk)<\/p>\n<p>&#13;<\/p>\n<p><strong>12 A\u011fustos Cumartesi:<\/strong><\/p>\n<p>&#13;<\/p>\n<p>17.00 Ankara Ke\u00e7i\u00f6reng\u00fcc\u00fc-Ey\u00fcpspor (Aktepe)<\/p>\n<p>&#13;<\/p>\n<p>19.15 Bitexen Giresunspor-Bodrumspor FK (\u00c7otanak Spor Kompleksi)<\/p>\n<p>&#13;<\/p>\n<p>21.45 Kocaelispor-Manisa FK (Kocaeli)<\/p>\n<p>&#13;<\/p>\n<p><strong>13 A\u011fustos Pazar:<\/strong><\/p>\n<p>&#13;<\/p>\n<p>17.00 Tuzlaspor-Ahlatc\u0131 \u00c7orum FK (Sancaktepe 15 Temmuz)<\/p>\n<p>&#13;<\/p>\n<p>17.00 Gen\u00e7lerbirli\u011fi-\u00dcmraniyespor (Aktepe)<\/p>\n<p>&#13;<\/p>\n<p>19.15 Erzurumspor FK-Teks\u00fct Band\u0131rmaspor (\u00c7otanak Spor Kompleksi)<\/p>\n<p>&#13;<\/p>\n<p>21.45 G\u00f6ztepe-Sakaryaspor (Spor Toto Akhisar)<\/p>\n<p>&#13;<\/p>\n<p><strong>14 A\u011fustos Pazartesi:<\/strong><\/p>\n<p>&#13;<\/p>\n<p>21.00 Astor Enerji \u015eanl\u0131urfaspor-Altay (11 Nisan)<\/p>\n<p>&#13;<br \/>\n&#13;<br \/>\n&#13;<br \/>\n&#13;\n                <\/p><\/div>\n","protected":false},"excerpt":{"rendered":"","protected":false},"author":1,"featured_media":2132,"comment_status":"open","ping_status":"open","sticky":false,"template":"","format":"standard","meta":{"footnotes":""},"categories":[29],"tags":[],"class_list":["post-2131","post","type-post","status-publish","format-standard","has-post-thumbnail","hentry","category-spor"],"_links":{"self":[{"href":"https:\/\/haberkaradenizim.com\/index.php\/wp-json\/wp\/v2\/posts\/2131","targetHints":{"allow":["GET"]}}],"collection":[{"href":"https:\/\/haberkaradenizim.com\/index.php\/wp-json\/wp\/v2\/posts"}],"about":[{"href":"https:\/\/haberkaradenizim.com\/index.php\/wp-json\/wp\/v2\/types\/post"}],"author":[{"embeddable":true,"href":"https:\/\/haberkaradenizim.com\/index.php\/wp-json\/wp\/v2\/users\/1"}],"replies":[{"embeddable":true,"href":"https:\/\/haberkaradenizim.com\/index.php\/wp-json\/wp\/v2\/comments?post=2131"}],"version-history":[{"count":0,"href":"https:\/\/haberkaradenizim.com\/index.php\/wp-json\/wp\/v2\/posts\/2131\/revisions"}],"wp:featuredmedia":[{"embeddable":true,"href":"https:\/\/haberkaradenizim.com\/index.php\/wp-json\/wp\/v2\/media\/2132"}],"wp:attachment":[{"href":"https:\/\/haberkaradenizim.com\/index.php\/wp-json\/wp\/v2\/media?parent=2131"}],"wp:term":[{"taxonomy":"category","embeddable":true,"href":"https:\/\/haberkaradenizim.com\/index.php\/wp-json\/wp\/v2\/categories?post=2131"},{"taxonomy":"post_tag","embeddable":true,"href":"https:\/\/haberkaradenizim.com\/index.php\/wp-json\/wp\/v2\/tags?post=2131"}],"curies":[{"name":"wp","href":"https:\/\/api.w.org\/{rel}","templated":true}]}}