{"id":2123,"date":"2023-08-09T14:51:20","date_gmt":"2023-08-09T11:51:20","guid":{"rendered":"https:\/\/haberkaradenizim.com\/index.php\/2023\/08\/09\/almanyada-hasan-can-kaya-firtinasi\/"},"modified":"2023-08-09T14:51:20","modified_gmt":"2023-08-09T11:51:20","slug":"almanyada-hasan-can-kaya-firtinasi","status":"publish","type":"post","link":"https:\/\/haberkaradenizim.com\/index.php\/2023\/08\/09\/almanyada-hasan-can-kaya-firtinasi\/","title":{"rendered":"Almanya&#039;da Hasan Can Kaya F\u0131rt\u0131nas\u0131"},"content":{"rendered":"<p><img decoding=\"async\" src=\"https:\/\/www.magazinhaber.com.tr\/images\/haberler\/2022\/03\/almanyada-hasan-can-kaya-firtinasi-1647863801.jpg\" \/><\/p>\n<p><span style=\"font-size:11pt\"><span style=\"font-family:Calibri,sans-serif\">Hasan Can Kaya, \u2018Stand Up Party\u2019 ad\u0131n\u0131 ta\u015f\u0131yan \u015fovuyla 18 Mart\u2019ta Dortmund\u2019da ve 20 Mart\u2019ta Hamburg\u2019da sahneye \u00e7\u0131kt\u0131. \u00dcnl\u00fc komedyen, biletleri g\u00fcnler \u00f6ncesinden t\u00fckenen g\u00f6sterilerinde yakla\u015f\u0131k 4 bin ki\u015fiyle bulu\u015ftu. Almanya\u2019n\u0131n ba\u015fka kentlerinden orada yap\u0131lacak g\u00f6sterinin biletleri t\u00fckendi\u011fi i\u00e7in 500 kilometreden uzun bir yolu g\u00f6ze alarak gelen hayranlar\u0131n heyecan\u0131 g\u00f6sterilere unutulmaz bir renk katt\u0131. G\u00f6steri sonras\u0131nda da Hasan Can Kaya ile konu\u015fabilmek ve foto\u011fraf \u00e7ekebilmek i\u00e7in \u00fcnl\u00fc komedyeni bekleyen hayranlar\u0131 uzun kuyruklar olu\u015fturdu.<\/span><\/span><\/p>\n<p>&nbsp;<\/p>\n","protected":false},"excerpt":{"rendered":"<p>Hasan Can Kaya, \u2018Stand Up Party\u2019 ad\u0131n\u0131 ta\u015f\u0131yan \u015fovuyla 18 Mart\u2019ta Dortmund\u2019da ve 20 Mart\u2019ta<\/p>\n","protected":false},"author":1,"featured_media":2124,"comment_status":"open","ping_status":"open","sticky":false,"template":"","format":"standard","meta":{"footnotes":""},"categories":[1],"tags":[],"class_list":["post-2123","post","type-post","status-publish","format-standard","has-post-thumbnail","hentry","category-blog"],"_links":{"self":[{"href":"https:\/\/haberkaradenizim.com\/index.php\/wp-json\/wp\/v2\/posts\/2123","targetHints":{"allow":["GET"]}}],"collection":[{"href":"https:\/\/haberkaradenizim.com\/index.php\/wp-json\/wp\/v2\/posts"}],"about":[{"href":"https:\/\/haberkaradenizim.com\/index.php\/wp-json\/wp\/v2\/types\/post"}],"author":[{"embeddable":true,"href":"https:\/\/haberkaradenizim.com\/index.php\/wp-json\/wp\/v2\/users\/1"}],"replies":[{"embeddable":true,"href":"https:\/\/haberkaradenizim.com\/index.php\/wp-json\/wp\/v2\/comments?post=2123"}],"version-history":[{"count":0,"href":"https:\/\/haberkaradenizim.com\/index.php\/wp-json\/wp\/v2\/posts\/2123\/revisions"}],"wp:featuredmedia":[{"embeddable":true,"href":"https:\/\/haberkaradenizim.com\/index.php\/wp-json\/wp\/v2\/media\/2124"}],"wp:attachment":[{"href":"https:\/\/haberkaradenizim.com\/index.php\/wp-json\/wp\/v2\/media?parent=2123"}],"wp:term":[{"taxonomy":"category","embeddable":true,"href":"https:\/\/haberkaradenizim.com\/index.php\/wp-json\/wp\/v2\/categories?post=2123"},{"taxonomy":"post_tag","embeddable":true,"href":"https:\/\/haberkaradenizim.com\/index.php\/wp-json\/wp\/v2\/tags?post=2123"}],"curies":[{"name":"wp","href":"https:\/\/api.w.org\/{rel}","templated":true}]}}