{"id":2121,"date":"2023-08-09T10:30:00","date_gmt":"2023-08-09T07:30:00","guid":{"rendered":"https:\/\/haberkaradenizim.com\/index.php\/2023\/08\/09\/turkiyede-enflasyonun-tek-haneye-inmesi-en-az-3-4-yil\/"},"modified":"2023-08-09T10:30:00","modified_gmt":"2023-08-09T07:30:00","slug":"turkiyede-enflasyonun-tek-haneye-inmesi-en-az-3-4-yil","status":"publish","type":"post","link":"https:\/\/haberkaradenizim.com\/index.php\/2023\/08\/09\/turkiyede-enflasyonun-tek-haneye-inmesi-en-az-3-4-yil\/","title":{"rendered":"T\u00fcrkiye\u2019de Enflasyonun Tek Haneye \u0130nmesi En Az 3-4 Y\u0131l!"},"content":{"rendered":"<div data-text-id=\"26278\" property=\"articleBody\">\n<p><a href=\"https:\/\/www.saglikpersonelihaber.net\/haberleri\" class=\"internal_link\" target=\"_blank\" title=\"\" rel=\"noopener\">Cumhurba\u015fkan\u0131 Recep Tayyip Erdo\u011fan&#8217;\u0131n &#8220;Enflasyonu daha \u00f6nce y\u00fczde 6&#8217;lara d\u00fc\u015f\u00fcrd\u00fck, yine biz indirece\u011fiz&#8221; a\u00e7\u0131klamas\u0131na ra\u011fmen b\u00fcy\u00fcme ve istihdam hedeflerinden vazge\u00e7ilmeyece\u011fini s\u00f6yledi\u011fini hat\u0131rlatan Salto\u011flu, \u00f6n\u00fcm\u00fczdeki yerel se\u00e7imler \u00f6ncesinde mevcut para ve maliye politikas\u0131n\u0131n enflasyonu tek haneye d\u00fc\u015f\u00fcrmek i\u00e7in yeterli olup olmad\u0131\u011f\u0131n\u0131 sorgulad\u0131.<\/p>\n<p>Gelece\u011fe dair de\u011ferlendirmelerde bulunan Salto\u011flu, h\u00fck\u00fcmetin eyl\u00fcl ay\u0131na kadar turizm gelirlerini g\u00f6zlemleyip ard\u0131ndan yeni bir yol haritas\u0131 \u00e7izebilece\u011fini ifade etti. Ancak t\u00fcm planlar\u0131n 2023 Mart&#8217;\u0131ndan sonraya \u00f6telenmi\u015f gibi g\u00f6r\u00fcnd\u00fc\u011f\u00fcn\u00fc s\u00f6yledi. Kredinin arz\u0131n\u0131 k\u0131s\u0131tlama ve ithalat\u0131 alt\u0131n gibi y\u00f6ntemlerle s\u0131n\u0131rlama gibi \u00f6nlemlerin yava\u015flat\u0131c\u0131, k\u0131sa vadeli ve tedrici ad\u0131mlar oldu\u011funa dikkat \u00e7ekti.<\/p>\n<div class=\"post-flash\">\n        <!--\n\n<h3 class=\"post-flash__title\">G&ouml;zden ka&ccedil;&#305;rmay&#305;n<\/h3>\n\n--><br \/>\n                <a href=\"https:\/\/www.saglikpersonelihaber.net\/ev-kirasi-memur-maasinin-yarisini-goturuyor-memur-cebi-bosaliyor\" class=\"post-flash__content\" target=\"_self\" title=\"Ev Kiras\u0131 Memur Maa\u015f\u0131n\u0131n Yar\u0131s\u0131n\u0131 G\u00f6t\u00fcr\u00fcyor! Memur Cebi Bo\u015fal\u0131yor!\" style=\"background-color: #A61C1E\" rel=\"noopener\"><br \/>\n            <img loading=\"lazy\" decoding=\"async\" src=\"https:\/\/saglikpersonelihabernet.teimg.com\/crop\/250x150\/saglikpersonelihaber-net\/uploads\/2023\/08\/memur-bos-cuzdan.jpg\" alt=\"Ev Kiras\u0131 Memur Maa\u015f\u0131n\u0131n Yar\u0131s\u0131n\u0131 G\u00f6t\u00fcr\u00fcyor! Memur Cebi Bo\u015fal\u0131yor!\" width=\"231\" height=\"140\" class=\"content-paragraph-image\"\/><br \/>\n            <span class=\"post-flash__heading\"><br \/>\n                <span class=\"post-flash__h4\">Ev Kiras\u0131 Memur Maa\u015f\u0131n\u0131n Yar\u0131s\u0131n\u0131 G\u00f6t\u00fcr\u00fcyor! Memur Cebi Bo\u015fal\u0131yor!<\/span><br \/>\n            <\/span><br \/>\n        <\/a>\n            <\/div>\n<p>Salto\u011flu, &#8220;T\u00fcrkiye 2018&#8217;den beri kendi sorunlar\u0131n\u0131 kabul etmedi, s\u00fcrekli ila\u00e7larla devam etti. \u015eimdi bu bedeli \u00f6demek zorunda. Farkl\u0131 re\u00e7eteler denendi ve bu re\u00e7etelerin ekonomide yaratt\u0131\u011f\u0131 karma\u015f\u0131kl\u0131k var&#8221; \u015feklinde konu\u015ftu. Salto\u011flu, daha sade bir para politikas\u0131na ge\u00e7i\u015fin \u00f6nemine i\u015faret ederek, fazla yava\u015f gitmenin beklentilerin kronikle\u015fmesine neden olabilece\u011fini dile getirdi.<\/p>\n<p>Gelecekteki enflasyon ve kur beklentilerinin h\u00e2l\u00e2 de\u011fi\u015fmedi\u011fini vurgulayan Salto\u011flu, &#8220;Enflasyonun inmeyece\u011fi&#8221; d\u00fc\u015f\u00fcncesi enflasyonla m\u00fccadeleyi geciktirebilece\u011fine dikkat \u00e7ekti. Salto\u011flu, T\u00fcrkiye&#8217;nin tek haneli enflasyona inmesinin iyi projelerle bile en iyimser senaryoda 3-4 y\u0131l s\u00fcrebilece\u011fini belirtirken, daha radikal ad\u0131mlar\u0131n at\u0131lmas\u0131n\u0131n avantajl\u0131 olabilece\u011fini vurgulad\u0131.<\/p>\n<p>ASTRONOM\u0130K EKS\u0130 REEL FA\u0130ZDEN B\u0130R AN EVVEL KURTULUNMALI\u00a0\u00a0\u00a0\u00a0\u00a0<\/p>\n<p>\u25a0 Piyasada politika faizi enflasyonun \u00fczerine \u00e7\u0131karsa her \u015fey \u00e7\u00f6z\u00fclecek gibi bir alg\u0131 var. Buna kat\u0131l\u0131yor musunuz?\u00a0\u00a0\u00a0\u00a0\u00a0 \u00a0<\/p>\n<p>Hay\u0131r. Buna \u00e7ok uzun perspektiften bakmak laz\u0131m. T\u00fcrkiye&#8217;nin 2002- 2003&#8217;ten bu yana para politikas\u0131nda do\u011fru yapt\u0131\u011f\u0131 \u015feyler oldu ama abart\u0131l\u0131 yapt\u0131\u011f\u0131 \u015feyler de oldu. 2003- 2010 aras\u0131nda reel faizimiz \u00e7ok y\u00fcksekti. Enflasyonu \u00e7ok h\u0131zl\u0131 indirdik ama reel faizin a\u015f\u0131r\u0131 y\u00fcksek olmas\u0131 ve para ak\u0131m\u0131 nedeniyle TL&#8217;nin a\u015f\u0131r\u0131 de\u011ferlili\u011fi T\u00fcrkiye&#8217;de belli baz\u0131 yap\u0131sal sorunlar yaratt\u0131. \u015eimdi \u015fu anki senaryoda da muazzam derecede o d\u00f6neme a\u015f\u0131r\u0131 ve gereksiz bir tepkiyle m\u00fcthi\u015f bir eksi reel faiz veriliyor. Siyaseten \u2018o d\u00f6nemki ortodoks politikalar yanl\u0131\u015ft\u0131, \u015fimdi biz ba\u015fka bir \u015fey yap\u0131yoruz deniliyor\u2019 olabilir. Ancak \u015fu anki T\u00fcrkiye ekonomisi o d\u00f6nemle ayn\u0131 de\u011fil. Y\u0131l 2023, d\u00fcnya ekonomisi \u00e7ok farkl\u0131 bir yerde, T\u00fcrkiye de \u00f6yle. Dolay\u0131s\u0131yla faiz politikas\u0131n\u0131 etkili kullanmak gerekiyor. \u00d6te yandan da mudiye siz, y\u00fczde 25-30 faiz verip, enflasyonu 57\u2019lerde g\u00f6rd\u00fc\u011f\u00fcn\u00fcz takdirde de burada ne kurun ne de enflasyonun inmesi konusunda bir \u015fey veremezsiniz. Biz ortas\u0131n\u0131 bulamad\u0131k \u00f6zetle. \u00c7ok sert bir reel faiz art\u0131\u015f\u0131yla bunun \u00e7\u00f6z\u00fcm\u00fc olmayacak ama T\u00fcrkiye&#8217;nin normalize i\u00e7in astronomik eksi reel faizden de bir an evvel kurtulmas\u0131 gerekiyor. Sonu\u00e7ta bunun bedelini \u00f6deyece\u011fiz ama o d\u00f6nemki gibi de\u011fil. T\u00fcrkiye\u2019nin para politikas\u0131nda ayr\u0131ca yeni bir model aramas\u0131 \u015fart. Biraz normalle\u015firsek, T\u00fcrkiye\u2019nin reel efektif kuru da endeksleyece\u011fi yeni bir para politikas\u0131 dizayn\u0131na ge\u00e7mesi gerekiyor. T\u00fcrkiye&#8217;nin oturup benim para politikas\u0131 modelim ortodoks ama yan\u0131nda \u015funlar\u0131 bekliyorum diyebilmesi laz\u0131m. T\u00fcrkiye&#8217;nin bu hava ve bu tart\u0131\u015fma zeminini de yaratmas\u0131 laz\u0131m. \u015eu anda var m\u0131? O soru i\u015fareti belki ama b\u00f6yle a\u00e7\u0131k fikirle tart\u0131\u015fmal\u0131y\u0131z.<\/p>\n<p>FA\u0130Z MART AYINA KADAR Y\u00dcZDE 25\u2019E ADIM ADIM ARTIRILACAK\u00a0\u00a0\u00a0\u00a0\u00a0\u00a0<\/p>\n<p>\u25a0 Temmuz verisine bak\u0131ld\u0131\u011f\u0131nda enflasyon yeniden y\u00fckseli\u015fe mi ge\u00e7ti? Merkez Bankas\u0131\u2019n\u0131n y\u0131lsonu y\u00fczde 58 enflasyon tahmini iyimser mi kald\u0131? Yeni atamalar sonras\u0131 24 A\u011fustos\u2019ta PPK karar\u0131na ili\u015fkin beklentiniz nedir?\u00a0\u00a0\u00a0\u00a0\u00a0<\/p>\n<p>Atamalar, liyakat ve kararl\u0131l\u0131k a\u00e7\u0131s\u0131ndan do\u011fru. Tabii ge\u00e7mi\u015f deneyimlere bakarak ne kadar devam eder herkesin hakl\u0131 olarak soru i\u015fareti var. Ama b\u00f6yle bir de\u011fi\u015fim yap\u0131ld\u0131\u011f\u0131na g\u00f6re arkas\u0131nda oraya bir g\u00fcven var diye d\u00fc\u015f\u00fcnece\u011fiz. Bu isimlerin \u00e7ok b\u00f6yle ser\u00fcvenvari yeni para politikas\u0131na girmeyece\u011fini d\u00fc\u015f\u00fcn\u00fcyoruz. Daha ortodoksa gidilece\u011fini d\u00fc\u015f\u00fcn\u00fcyoruz ama bunun k\u0131sa vadede yans\u0131mas\u0131 olur mu \u00e7ok emin de\u011filim. \u00c7\u00fcnk\u00fc yeni ba\u015fkan da beklentinin alt\u0131nda kalan bir faiz art\u0131\u015f\u0131yla devam ediyor. Bence mali tarafta vergilerle, ithalat\u0131n k\u0131smen s\u0131n\u0131rlanmas\u0131yla, BDDK \u00fczerinden gelen s\u0131k\u0131la\u015fma ile faiz arac\u0131n\u0131 m\u00fcmk\u00fcn oldu\u011fu kadar az kullanacaklar. Belki kafada \u2018faiz b\u00fct\u00e7esi\u2019 var. Faiz mart ay\u0131na kadar y\u00fczde 25\u2019e ad\u0131m ad\u0131m art\u0131r\u0131lacakm\u0131\u015f gibi geliyor. Piyasa beklentisine uyumlu bir faiz art\u0131\u015f\u0131n\u0131 m\u00fcmk\u00fcn oldu\u011fu kadar \u00f6telenecektir. Gaye Erkan\u2019\u0131n enflasyon sunumu, \u00f6ncekilere g\u00f6re daha kararl\u0131 ve teknikti. Onu takdir etmek gerekiyor ama mevduat faizlerini hemen indirdik demesi \u00e7ok makul de\u011fildi. Bunu \u015f\u00f6yle a\u00e7\u0131klayabilirim. Bir TL&#8217;ye ya da yabanc\u0131 paraya yani DTH\u2019a y\u00f6nelen bir vatanda\u015f var. Bir de KKM&#8217;ye y\u00f6nelen vatanda\u015f var. KKM&#8217;deki vatanda\u015f, hem vergi imtiyaz\u0131na sahip, hem d\u00f6viz art\u0131\u015f\u0131ndan faydalan\u0131yor, hem de belli bir faiz al\u0131yor. Ama \u00fclkesine biraz daha fazla tasarrufunu b\u0131rakan ki\u015fi g\u00fcnah ke\u00e7isi oluyor. Dolay\u0131s\u0131yla burada dengeleme i\u00e7in DTH faizinde belli bir art\u0131r\u0131m yap\u0131labilir \u00f6rne\u011fin. Bu dengelerin kurulmas\u0131 laz\u0131m. Mevduat faizini bask\u0131laman\u0131n nedenini anlayabiliyorum. Bankalara bir havu\u00e7 sunuluyor. \u2018D\u00fc\u015f\u00fck maliyetli al, \u00e7ok da fazla y\u00fckseltmeden kredi ver\u2019 deniyor. Tamam ama bunun kur \u00fczerindeki etkisini de d\u00fc\u015f\u00fcnmek laz\u0131m. Yani siz ekonomiyi yava\u015flatm\u0131yorsunuz ama buradan da enflasyonu art\u0131r\u0131p kur \u00fczerinden ba\u015fka bir maliyet yarat\u0131yorsunuz. KKM hakikaten \u00e7ok problemli bir i\u015f. Sorun ya\u015fatabilecek bir taraf\u0131 var. Nas\u0131l tasfiye edilece\u011fini cidden \u00fc\u00e7 kere, be\u015f kere d\u00fc\u015f\u00fcnmek laz\u0131m. Se\u00e7imlerin ard\u0131ndan 3-4 ay ge\u00e7ti. Biz hala yol haritas\u0131n\u0131 bilmiyoruz. Al\u0131nan \u00f6nlemler hatal\u0131 demiyorum. Al\u0131nan do\u011fru \u00f6nlemler var ama kur ve enflasyon beklentilerini normalle\u015ftirilebilmesi i\u00e7in de vatanda\u015f\u0131n da piyasalar\u0131n da \u00e7ok ciddi beklentileri var.<\/p>\n<p>\u25cf 5-10 milyon dolar de\u011fil iyi getirili yat\u0131r\u0131m \u00e7ekmek laz\u0131m<\/p>\n<p>\u25a0 \u00d6nce BAE \u00e7\u0131karmas\u0131 oldu, sonra \u015eim\u015fek- Erkan bat\u0131l\u0131 yat\u0131r\u0131mc\u0131larla bulu\u015ftu. T\u00fcrkiye\u2019de yabanc\u0131 giri\u015fi bekliyor musunuz?\u00a0\u00a0\u00a0\u00a0\u00a0\u00a0\u00a0\u00a0<\/p>\n<p>\u00d6zellikle 28 May\u0131s sonras\u0131nda yabanc\u0131 yat\u0131r\u0131mc\u0131larda muazzam bir istek vard\u0131. Do\u011frudan yat\u0131r\u0131m do\u011fu veya bat\u0131dan gelebilir ama siz iki ya da \u00fc\u00e7 tane \u00e7ok bilindik varl\u0131klar\u0131n\u0131z\u0131 satarak T\u00fcrkiye\u2019ye para ak\u0131\u015f\u0131n\u0131 dengeleyebilir misiniz? Bu \u00e7ok m\u00fcmk\u00fcn g\u00f6r\u00fcnm\u00fcyor. S\u0131cak para da olsun, do\u011frudan yat\u0131r\u0131m da olsun T\u00fcrkiye\u2019ye bir ilgi var. Borsaya 1-2 milyar dolar girdi ama as\u0131l bizim ge\u00e7mi\u015ften b\u00fcy\u00fck kay\u0131plar\u0131m\u0131z diyece\u011fimiz TL bonoya bu faiz seviyesinden herhangi bir yabanc\u0131n\u0131n girmesini beklemeyiz. Biz yerli olarak \u00e7evremizde bunu alan var m\u0131d\u0131r diye d\u00fc\u015f\u00fcnelim. Zorunlu olduklar\u0131 i\u00e7in bankalar hari\u00e7. S\u0131cak paran\u0131n girebilece\u011fi eurobond ve swap taraf\u0131 maalesef faiz taraf\u0131na bak\u0131yor. Do\u011frudan yat\u0131r\u0131mc\u0131 a\u00e7\u0131s\u0131ndan bakarsak ise T\u00fcrkiye&#8217;nin ne \u00f6nerdi\u011fi ve ne yapt\u0131\u011f\u0131 \u00f6nemli oluyor. K\u0131sa vadede d\u00f6viz giri\u015fi beklentiyi olumluya \u00e7ekebilir ama enflasyonu indirmede ya da halk\u0131n genel karar\u0131n\u0131 etkilemekte \u00e7ok zay\u0131f kal\u0131r. 5-10 milyon dolarlar\u0131 de\u011fil, \u00e7ok b\u00fcy\u00fck montanl\u0131 ve iyi getirili yat\u0131r\u0131mlar \u00e7ekmemiz laz\u0131m. \u2018Bak\u0131n d\u0131\u015far\u0131dan para giriyor, kur da a\u015fa\u011f\u0131 inecek, bo\u015funa dolarda kalma, bak ne g\u00fczel TL faizi al\u0131yorsun\u2019 diyece\u011finiz bir senaryo yarat\u0131lmadan salt o rakamlarla alg\u0131y\u0131 de\u011fi\u015ftirmek \u00e7ok zor.<\/p>\n<p>\u25cf Cari a\u00e7\u0131ktaki k\u00f6p\u00fck al\u0131nabilir<\/p>\n<p>\u25a0 \u00d6demeler dengesindeki a\u00e7\u0131\u011f\u0131 s\u0131n\u0131rlamak i\u00e7in alt\u0131n ithalat\u0131na k\u0131s\u0131tlama getirildi. Sizce bu sorunu \u00e7\u00f6zmek i\u00e7in etkili bir \u00f6nlem mi yoksa yine bir yan yol mu?\u00a0\u00a0\u00a0\u00a0<\/p>\n<p>\u00d6demeler dengesinde ya\u015fanan a\u00e7\u0131\u011f\u0131n bu kadar y\u00fcksek olmas\u0131n\u0131n bir\u00e7ok nedeni var. As\u0131l veri kamuda. Bu alt\u0131n ni\u00e7in al\u0131n\u0131yor? Tekrardan ihracata d\u00f6nd\u00fcrmek i\u00e7in al\u0131yorsa iyi bir \u015fey, belki orada bir katma de\u011fer var ama ki\u015filer bunu sisteme g\u00fcvenmedi\u011fi i\u00e7in al\u0131p sakl\u0131yorsa ve enflasyondan ar\u0131nma i\u00e7in kullan\u0131l\u0131yorsa bu cari a\u00e7\u0131\u011f\u0131 da bozan bir \u015fey. Dolay\u0131s\u0131yla cari a\u00e7\u0131\u011f\u0131n d\u00fczeltilmesi i\u00e7in l\u00fcks t\u00fcketimin \u00f6nlenmesi k\u00f6t\u00fc bir fi kir de\u011fil ama bunu faizi istedi\u011fimiz seviyede art\u0131r\u0131p dengesini koyamayaca\u011f\u0131m\u0131z\u0131 bildi\u011fimiz i\u00e7in de yap\u0131yoruz. Di\u011fer taraf\u0131 dengeleme y\u00f6n\u00fcnden de yap\u0131yoruz. Ben al\u0131nan kararlar\u0131n\u0131n yan\u0131ndan dola\u015fmak i\u00e7in yap\u0131lan baz\u0131 aksiyonlardan da cari a\u00e7\u0131\u011f\u0131 art\u0131rd\u0131\u011f\u0131n\u0131 d\u00fc\u015f\u00fcn\u00fcyorum. \u00d6rne\u011fin ihracat gelirinin y\u00fczde 40\u2019\u0131n\u0131 Merkez Bankas\u0131&#8217;na teslim etme zorunlulu\u011fundan, \u015firketler ihracat\u0131n\u0131 daha d\u00fc\u015f\u00fck g\u00f6sterebilir. Dolay\u0131s\u0131yla ihracat d\u00fc\u015f\u00fck olabilir. \u0130thalat\u0131 da \u00f6nden y\u00fcklemeli belki 1-2 sene sonran\u0131n stoklar\u0131n\u0131 ya da yapmak y\u00f6n\u00fcnden daha da fazla art\u0131rm\u0131\u015f olabilir. O y\u00fczden bu aksiyonlar d\u00fczeldi\u011finde cari a\u00e7\u0131ktaki k\u00f6p\u00fc\u011f\u00fcn de al\u0131naca\u011f\u0131n\u0131 d\u00fc\u015f\u00fcn\u00fcyorum.\u00a0\u00a0\u00a0\u00a0\u00a0\u00a0\u00a0\u00a0\u00a0<\/p>\n<p>\u25cf Selektif kredi konusu muallakta\u00a0\u00a0<\/p>\n<p>\u25a0 \u00d6zel bankalar\u0131n ticari kredi b\u00fcy\u00fcme h\u0131z\u0131nda k\u00fc\u00e7\u00fclme 4.5 y\u0131l\u0131n en serti. Ekonomide ani duru\u015f ve stagflasyon riski ne kadar?\u00a0\u00a0\u00a0\u00a0\u00a0<\/p>\n<p>T\u00fcrkiye&#8217;nin yani eksi reel faizle da\u011f\u0131tt\u0131\u011f\u0131 muazzam bir kredi vard\u0131. H\u00fck\u00fcmetin ve siyasinin kafas\u0131nda herhalde \u2018ucuza verelim ekonomi b\u00fcy\u00fcs\u00fcn\u2019 gibi bir d\u00fc\u015f\u00fcnce vard\u0131. \u2018Faiz indirelim, arz arts\u0131n, \u00fcretim olsun, arz y\u00fckselince fiyatlar d\u00fc\u015fer\u2019. Ama b\u00f6yle \u00e7al\u0131\u015fm\u0131yor mekanizma i\u015fte. Bunu g\u00f6rd\u00fck. Birincisi reel faizi eksi verdi\u011finiz takdirde o krediler do\u011frudan arza ya da \u00fcretime d\u00f6nm\u00fcyor. Ba\u015fka kanallara d\u00f6n\u00fcyor ve bunu \u00f6nlemeniz \u00e7ok zor. Bug\u00fcn para politikas\u0131n\u0131n en b\u00fcy\u00fck hatalar\u0131ndan biri de sanki \u00e7ok b\u00fcy\u00fck bir kredi reyting firmas\u0131 varm\u0131\u015f\u00e7as\u0131na do\u011fru kredi m\u00fc\u015fterisini bulun deniyor. Bu m\u00fcmk\u00fcn de\u011fil. Selektif kredi fikri g\u00fczel ama \u2018bu krediler katma de\u011ferli en iyi \u00fcr\u00fcnlere gitsin, o y\u00fczden faiz indiriyorum\u2019 diyece\u011finiz bir \u015fey de\u011fil. Ka\u00e7 y\u00fcz y\u0131ll\u0131k bankac\u0131l\u0131k yerine ba\u015fka bir \u015fey koymu\u015f oluyorsunuz. Hani T\u00dcB\u0130TAK projesi olur, AR-GE projesi olur, savunma projesi bunlar\u0131 anlar\u0131m ama herhangi bir ticari projenin de\u011ferlemesini iyi yapabilmek \u00e7ok zor. Dolay\u0131s\u0131yla selektif kredi konusu da \u00e7ok muallakta. Hele bu kadar kay\u0131td\u0131\u015f\u0131n\u0131n oldu\u011fu bir ekonomide. Faiz y\u00fcksek olsa bile kredi kanallar\u0131 a\u00e7\u0131labilir. Yeter ki sanayici de o ald\u0131\u011f\u0131 krediyi tekrardan d\u00f6nd\u00fcrece\u011fi bir ortam\u0131 g\u00f6rebilsin.<\/p>\n<p>ekonomim.com<\/p>\n<\/p><\/div>\n","protected":false},"excerpt":{"rendered":"<p>Cumhurba\u015fkan\u0131 Recep Tayyip Erdo\u011fan&#8217;\u0131n &#8220;Enflasyonu daha \u00f6nce y\u00fczde 6&#8217;lara d\u00fc\u015f\u00fcrd\u00fck, yine biz indirece\u011fiz&#8221; a\u00e7\u0131klamas\u0131na ra\u011fmen<\/p>\n","protected":false},"author":1,"featured_media":2122,"comment_status":"open","ping_status":"open","sticky":false,"template":"","format":"standard","meta":{"footnotes":""},"categories":[27],"tags":[],"class_list":["post-2121","post","type-post","status-publish","format-standard","has-post-thumbnail","hentry","category-saglik"],"_links":{"self":[{"href":"https:\/\/haberkaradenizim.com\/index.php\/wp-json\/wp\/v2\/posts\/2121","targetHints":{"allow":["GET"]}}],"collection":[{"href":"https:\/\/haberkaradenizim.com\/index.php\/wp-json\/wp\/v2\/posts"}],"about":[{"href":"https:\/\/haberkaradenizim.com\/index.php\/wp-json\/wp\/v2\/types\/post"}],"author":[{"embeddable":true,"href":"https:\/\/haberkaradenizim.com\/index.php\/wp-json\/wp\/v2\/users\/1"}],"replies":[{"embeddable":true,"href":"https:\/\/haberkaradenizim.com\/index.php\/wp-json\/wp\/v2\/comments?post=2121"}],"version-history":[{"count":0,"href":"https:\/\/haberkaradenizim.com\/index.php\/wp-json\/wp\/v2\/posts\/2121\/revisions"}],"wp:featuredmedia":[{"embeddable":true,"href":"https:\/\/haberkaradenizim.com\/index.php\/wp-json\/wp\/v2\/media\/2122"}],"wp:attachment":[{"href":"https:\/\/haberkaradenizim.com\/index.php\/wp-json\/wp\/v2\/media?parent=2121"}],"wp:term":[{"taxonomy":"category","embeddable":true,"href":"https:\/\/haberkaradenizim.com\/index.php\/wp-json\/wp\/v2\/categories?post=2121"},{"taxonomy":"post_tag","embeddable":true,"href":"https:\/\/haberkaradenizim.com\/index.php\/wp-json\/wp\/v2\/tags?post=2121"}],"curies":[{"name":"wp","href":"https:\/\/api.w.org\/{rel}","templated":true}]}}