{"id":2119,"date":"2023-08-09T12:09:49","date_gmt":"2023-08-09T09:09:49","guid":{"rendered":"https:\/\/haberkaradenizim.com\/index.php\/2023\/08\/09\/wout-weghorst-hoffenheima-kiralandi-son-dakika-besiktas-haberleri\/"},"modified":"2023-08-09T12:09:49","modified_gmt":"2023-08-09T09:09:49","slug":"wout-weghorst-hoffenheima-kiralandi-son-dakika-besiktas-haberleri","status":"publish","type":"post","link":"https:\/\/haberkaradenizim.com\/index.php\/2023\/08\/09\/wout-weghorst-hoffenheima-kiralandi-son-dakika-besiktas-haberleri\/","title":{"rendered":"Wout Weghorst Hoffenheim\u2019a kiraland\u0131! &#8211; Son dakika Be\u015fikta\u015f haberleri"},"content":{"rendered":"<p><<img decoding=\"async\" src=\"https:\/\/iaftm.tmgrup.com.tr\/6c5150\/622\/349\/0\/0\/781\/438?u=https:\/\/iftm.tmgrup.com.tr\/2023\/08\/09\/wout-weghorst-hoffenheima-kiralandi-1691569175738.jpg\" \/><\/p>\n<div id=\"\">&#13;<br \/>\n&#13;<br \/>\n&#13;<\/p>\n<p>Geride b\u0131rakt\u0131\u011f\u0131m\u0131z sezonun ilk yar\u0131s\u0131n\u0131 <a href=\"https:\/\/www.fotomac.com.tr\/haberleri\/besiktas?id=28fd8829-36bc-4b06-8a71-33cb4902d706\" class=\"\">Be\u015fikta\u015f<\/a>&#8216;ta, ikinci yar\u0131s\u0131n\u0131 ise Manchester United&#8217;da kiral\u0131k olarak ge\u00e7iren <a href=\"https:\/\/www.fotomac.com.tr\/haberleri\/wout-weghorst?id=0b04a768-96c0-4b02-bcbc-276920e70710\" class=\"\">Wout Weghorst<\/a>&#8216;un yeni tak\u0131m\u0131 a\u00e7\u0131kland\u0131.<\/p>\n<p>&#13;<br \/>\n&#13;<\/p>\n<p>Burnley, 31 ya\u015f\u0131ndaki Hollandal\u0131 golc\u00fcn\u00fcn Alman ekiplerinden <a href=\"https:\/\/www.fotomac.com.tr\/haberleri\/hoffenheim?id=0e1be953-dd4a-4a89-938d-a30fd7b7bb80\" class=\"\">Hoffenheim<\/a>&#8216;a kiraland\u0131\u011f\u0131n\u0131 duyurdu.<\/p>\n<p>&#13;<br \/>\n&#13;<\/p>\n<p>Be\u015fikta\u015f&#8217;ta yar\u0131m sezon forma giyen Weghorst, siyah-beyazl\u0131 formayla \u00e7\u0131kt\u0131\u011f\u0131 18 kar\u015f\u0131la\u015fmada 9 gol atarken 4 de asist yapm\u0131\u015ft\u0131. Y\u0131ld\u0131z futbolcu, Manchester United&#8217;da ise \u00e7\u0131kt\u0131\u011f\u0131 31 m\u00fcsabakada 2 gol atarken 3 de asist kaydetti.<\/p>\n<p>&#13;<br \/>\n&#13;<br \/>\n                            &#13;<br \/>\n&#13;\n                <\/p><\/div>\n","protected":false},"excerpt":{"rendered":"","protected":false},"author":1,"featured_media":2120,"comment_status":"open","ping_status":"open","sticky":false,"template":"","format":"standard","meta":{"footnotes":""},"categories":[29],"tags":[],"class_list":["post-2119","post","type-post","status-publish","format-standard","has-post-thumbnail","hentry","category-spor"],"_links":{"self":[{"href":"https:\/\/haberkaradenizim.com\/index.php\/wp-json\/wp\/v2\/posts\/2119","targetHints":{"allow":["GET"]}}],"collection":[{"href":"https:\/\/haberkaradenizim.com\/index.php\/wp-json\/wp\/v2\/posts"}],"about":[{"href":"https:\/\/haberkaradenizim.com\/index.php\/wp-json\/wp\/v2\/types\/post"}],"author":[{"embeddable":true,"href":"https:\/\/haberkaradenizim.com\/index.php\/wp-json\/wp\/v2\/users\/1"}],"replies":[{"embeddable":true,"href":"https:\/\/haberkaradenizim.com\/index.php\/wp-json\/wp\/v2\/comments?post=2119"}],"version-history":[{"count":0,"href":"https:\/\/haberkaradenizim.com\/index.php\/wp-json\/wp\/v2\/posts\/2119\/revisions"}],"wp:featuredmedia":[{"embeddable":true,"href":"https:\/\/haberkaradenizim.com\/index.php\/wp-json\/wp\/v2\/media\/2120"}],"wp:attachment":[{"href":"https:\/\/haberkaradenizim.com\/index.php\/wp-json\/wp\/v2\/media?parent=2119"}],"wp:term":[{"taxonomy":"category","embeddable":true,"href":"https:\/\/haberkaradenizim.com\/index.php\/wp-json\/wp\/v2\/categories?post=2119"},{"taxonomy":"post_tag","embeddable":true,"href":"https:\/\/haberkaradenizim.com\/index.php\/wp-json\/wp\/v2\/tags?post=2119"}],"curies":[{"name":"wp","href":"https:\/\/api.w.org\/{rel}","templated":true}]}}