{"id":2117,"date":"2023-08-09T02:39:36","date_gmt":"2023-08-08T23:39:36","guid":{"rendered":"https:\/\/haberkaradenizim.com\/index.php\/2023\/08\/09\/berfu-yenenlerden-demet-akalina-sert-gonderme\/"},"modified":"2023-08-09T02:39:36","modified_gmt":"2023-08-08T23:39:36","slug":"berfu-yenenlerden-demet-akalina-sert-gonderme","status":"publish","type":"post","link":"https:\/\/haberkaradenizim.com\/index.php\/2023\/08\/09\/berfu-yenenlerden-demet-akalina-sert-gonderme\/","title":{"rendered":"Berfu Yenenler&#039;den Demet Akal\u0131n&#039;a sert g\u00f6nderme !"},"content":{"rendered":"<p><img decoding=\"async\" src=\"https:\/\/www.magazinhaber.com.tr\/images\/haberler\/2022\/03\/berfu-yenenlerden-demet-akalina-sert-gonderme-1647864137.jpg\" \/><\/p>\n<p>Bir sosyal medya hesab\u0131 Berfu ve Eser Yenenler ikilisinin \u00e7ektikleri videoyu &#8220;G\u00fclmekten sandalyeden d\u00fc\u015ft\u00fcm&#8221; yorumunu aratarak payla\u015ft\u0131. Akal\u0131n payla\u015f\u0131ma, &#8220;S\u0131f\u0131r komikler, nas\u0131l g\u00fclebiliyorsun? Hele bu zorla g\u00fcndemde kalay\u0131m \u00e7abas\u0131 ay&#8221; yorumunu yapt\u0131.<\/p>\n<p>BERFU \u00c7OK KIZDI!<\/p>\n<p>Akal\u0131n&#8217;\u0131n bu mesaj\u0131 Berfu Yenenler&#8217;i k\u0131zd\u0131rd\u0131. Sosyal medya hesab\u0131ndan Demet Akal\u0131n&#8217;\u0131n &#8216;buharl\u0131 \u00fct\u00fc&#8217; payla\u015f\u0131m\u0131n\u0131 ti&#8217;ye alan ve tashihli mesaj sunan Yenenler &#8220;Use it (Kullan)&#8221; yazan beyin \u015feklindeki lambadan 10 adet sipari\u015f verdi.<\/p>\n<p>\nYenenler, Akal\u0131n&#8217;a; &#8220;Arkdslr yhaaa sikayet edicem once 127 liraydi itibaren 254 lira oldu itibaren 381 lira olduu itibaren 508 lira olduuu bunu kullanmayan insanlari nereye sikayet ediyorus&#8221; notuyla g\u00f6nderme yapt\u0131.<\/p>\n<p>&#8220;300 L\u0130RALIK EL \u00dcT\u00dcS\u00dc \u00d6NCE 600, SONRA 940 OLDU&#8221;<\/p>\n<p>Online al\u0131\u015f veri\u015f sitesinden \u00fct\u00fc alan Demet Akal\u0131n, sosyal medya hesab\u0131ndan al\u0131\u015f veri\u015finin ekran g\u00f6r\u00fcnt\u00fcs\u00fcn\u00fc payla\u015farak, &#8220;Almay\u0131n! 300 liral\u0131k el \u00fct\u00fcs\u00fc evvelce 600 itibaren 940 oldu. 1 saniye i\u00e7inde! Yuh art\u0131k doland\u0131r\u0131yorsunuz milleti, \u015fikayet edece\u011fim&#8221; notunu eklemi\u015fti&#8230;..<\/p>\n","protected":false},"excerpt":{"rendered":"<p>Bir sosyal medya hesab\u0131 Berfu ve Eser Yenenler ikilisinin \u00e7ektikleri videoyu &#8220;G\u00fclmekten sandalyeden d\u00fc\u015ft\u00fcm&#8221; yorumunu<\/p>\n","protected":false},"author":1,"featured_media":2118,"comment_status":"open","ping_status":"open","sticky":false,"template":"","format":"standard","meta":{"footnotes":""},"categories":[1],"tags":[],"class_list":["post-2117","post","type-post","status-publish","format-standard","has-post-thumbnail","hentry","category-blog"],"_links":{"self":[{"href":"https:\/\/haberkaradenizim.com\/index.php\/wp-json\/wp\/v2\/posts\/2117","targetHints":{"allow":["GET"]}}],"collection":[{"href":"https:\/\/haberkaradenizim.com\/index.php\/wp-json\/wp\/v2\/posts"}],"about":[{"href":"https:\/\/haberkaradenizim.com\/index.php\/wp-json\/wp\/v2\/types\/post"}],"author":[{"embeddable":true,"href":"https:\/\/haberkaradenizim.com\/index.php\/wp-json\/wp\/v2\/users\/1"}],"replies":[{"embeddable":true,"href":"https:\/\/haberkaradenizim.com\/index.php\/wp-json\/wp\/v2\/comments?post=2117"}],"version-history":[{"count":0,"href":"https:\/\/haberkaradenizim.com\/index.php\/wp-json\/wp\/v2\/posts\/2117\/revisions"}],"wp:featuredmedia":[{"embeddable":true,"href":"https:\/\/haberkaradenizim.com\/index.php\/wp-json\/wp\/v2\/media\/2118"}],"wp:attachment":[{"href":"https:\/\/haberkaradenizim.com\/index.php\/wp-json\/wp\/v2\/media?parent=2117"}],"wp:term":[{"taxonomy":"category","embeddable":true,"href":"https:\/\/haberkaradenizim.com\/index.php\/wp-json\/wp\/v2\/categories?post=2117"},{"taxonomy":"post_tag","embeddable":true,"href":"https:\/\/haberkaradenizim.com\/index.php\/wp-json\/wp\/v2\/tags?post=2117"}],"curies":[{"name":"wp","href":"https:\/\/api.w.org\/{rel}","templated":true}]}}