{"id":2087,"date":"2023-08-06T13:54:01","date_gmt":"2023-08-06T10:54:01","guid":{"rendered":"https:\/\/haberkaradenizim.com\/index.php\/2023\/08\/06\/kerem-bursin-dunya-yildiziyla-bir-arada\/"},"modified":"2023-08-06T13:54:01","modified_gmt":"2023-08-06T10:54:01","slug":"kerem-bursin-dunya-yildiziyla-bir-arada","status":"publish","type":"post","link":"https:\/\/haberkaradenizim.com\/index.php\/2023\/08\/06\/kerem-bursin-dunya-yildiziyla-bir-arada\/","title":{"rendered":"Kerem B\u00fcrsin d\u00fcnya y\u0131ld\u0131z\u0131yla bir arada"},"content":{"rendered":"<p><img decoding=\"async\" src=\"https:\/\/www.magazinhaber.com.tr\/images\/haberler\/2022\/03\/kerem-bursin-dunya-yildiziyla-bir-arada-1647867174.jpg\" \/><\/p>\n<p>\u0130spanya&#8217;da yak\u0131\u015f\u0131kl\u0131 oyuncuyla foto\u011fraf \u00e7ektirmek isteyen hayranlar\u0131, izdiham yaratt\u0131.<\/p>\n<p>B\u00fcrsin, d\u00fcnyaca pop\u00fcler star Antonio Banderas&#8217;la da bulu\u015ftu.<\/p>\n<p>Banderas, B\u00fcrsin&#8217;le karesini Instagram hesab\u0131ndan payla\u015ft\u0131.<\/p>\n","protected":false},"excerpt":{"rendered":"<p>\u0130spanya&#8217;da yak\u0131\u015f\u0131kl\u0131 oyuncuyla foto\u011fraf \u00e7ektirmek isteyen hayranlar\u0131, izdiham yaratt\u0131. B\u00fcrsin, d\u00fcnyaca pop\u00fcler star Antonio Banderas&#8217;la<\/p>\n","protected":false},"author":1,"featured_media":2088,"comment_status":"open","ping_status":"open","sticky":false,"template":"","format":"standard","meta":{"footnotes":""},"categories":[1],"tags":[],"class_list":["post-2087","post","type-post","status-publish","format-standard","has-post-thumbnail","hentry","category-blog"],"_links":{"self":[{"href":"https:\/\/haberkaradenizim.com\/index.php\/wp-json\/wp\/v2\/posts\/2087","targetHints":{"allow":["GET"]}}],"collection":[{"href":"https:\/\/haberkaradenizim.com\/index.php\/wp-json\/wp\/v2\/posts"}],"about":[{"href":"https:\/\/haberkaradenizim.com\/index.php\/wp-json\/wp\/v2\/types\/post"}],"author":[{"embeddable":true,"href":"https:\/\/haberkaradenizim.com\/index.php\/wp-json\/wp\/v2\/users\/1"}],"replies":[{"embeddable":true,"href":"https:\/\/haberkaradenizim.com\/index.php\/wp-json\/wp\/v2\/comments?post=2087"}],"version-history":[{"count":0,"href":"https:\/\/haberkaradenizim.com\/index.php\/wp-json\/wp\/v2\/posts\/2087\/revisions"}],"wp:featuredmedia":[{"embeddable":true,"href":"https:\/\/haberkaradenizim.com\/index.php\/wp-json\/wp\/v2\/media\/2088"}],"wp:attachment":[{"href":"https:\/\/haberkaradenizim.com\/index.php\/wp-json\/wp\/v2\/media?parent=2087"}],"wp:term":[{"taxonomy":"category","embeddable":true,"href":"https:\/\/haberkaradenizim.com\/index.php\/wp-json\/wp\/v2\/categories?post=2087"},{"taxonomy":"post_tag","embeddable":true,"href":"https:\/\/haberkaradenizim.com\/index.php\/wp-json\/wp\/v2\/tags?post=2087"}],"curies":[{"name":"wp","href":"https:\/\/api.w.org\/{rel}","templated":true}]}}