{"id":2083,"date":"2023-08-06T09:47:09","date_gmt":"2023-08-06T06:47:09","guid":{"rendered":"https:\/\/haberkaradenizim.com\/index.php\/2023\/08\/06\/besiktas-haberleri-kartaldan-pereyraya-rest-sure-verildi\/"},"modified":"2023-08-06T09:47:09","modified_gmt":"2023-08-06T06:47:09","slug":"besiktas-haberleri-kartaldan-pereyraya-rest-sure-verildi","status":"publish","type":"post","link":"https:\/\/haberkaradenizim.com\/index.php\/2023\/08\/06\/besiktas-haberleri-kartaldan-pereyraya-rest-sure-verildi\/","title":{"rendered":"BE\u015e\u0130KTA\u015e HABERLER\u0130 &#8211; Kartal&#039;dan Pereyra&#039;ya rest! S\u00fcre verildi"},"content":{"rendered":"<p><<img decoding=\"async\" src=\"https:\/\/iaftm.tmgrup.com.tr\/43631c\/622\/349\/0\/0\/850\/476?u=https:\/\/iftm.tmgrup.com.tr\/2023\/08\/06\/besiktas-haberleri-kartaldan-pereyraya-rest-sure-verildi-1691302271954.jpg\" alt=\"BE\u015e\u0130KTA\u015e HABERLER\u0130 - Kartal'dan Pereyra'ya rest! S\u00fcre verildi\" \/><br \/>Son dakika Be\u015fikta\u015f haberleri&#8230; Transfer \u00e7al\u0131\u015fmalar\u0131n\u0131 s\u00fcrd\u00fcren Be\u015fikta\u015f, bir s\u00fcredir Pereyra ile g\u00f6r\u00fc\u015fme halindeydi. Siyah-beyazl\u0131lar oyuncuya rest \u00e7ekti. \u0130\u015fte ayr\u0131nt\u0131lar&#8230; (BJK transfer haberleri)<a href=\"https:\/\/www.fotomac.com.tr\/besiktas\/2023\/08\/06\/besiktas-haberleri-kartaldan-pereyraya-rest-sure-verildi\">Devam\u0131 i\u00e7in t\u0131klay\u0131n\u0131z<\/a><\/p>\n","protected":false},"excerpt":{"rendered":"","protected":false},"author":1,"featured_media":2084,"comment_status":"open","ping_status":"open","sticky":false,"template":"","format":"standard","meta":{"footnotes":""},"categories":[29],"tags":[],"class_list":["post-2083","post","type-post","status-publish","format-standard","has-post-thumbnail","hentry","category-spor"],"_links":{"self":[{"href":"https:\/\/haberkaradenizim.com\/index.php\/wp-json\/wp\/v2\/posts\/2083","targetHints":{"allow":["GET"]}}],"collection":[{"href":"https:\/\/haberkaradenizim.com\/index.php\/wp-json\/wp\/v2\/posts"}],"about":[{"href":"https:\/\/haberkaradenizim.com\/index.php\/wp-json\/wp\/v2\/types\/post"}],"author":[{"embeddable":true,"href":"https:\/\/haberkaradenizim.com\/index.php\/wp-json\/wp\/v2\/users\/1"}],"replies":[{"embeddable":true,"href":"https:\/\/haberkaradenizim.com\/index.php\/wp-json\/wp\/v2\/comments?post=2083"}],"version-history":[{"count":0,"href":"https:\/\/haberkaradenizim.com\/index.php\/wp-json\/wp\/v2\/posts\/2083\/revisions"}],"wp:featuredmedia":[{"embeddable":true,"href":"https:\/\/haberkaradenizim.com\/index.php\/wp-json\/wp\/v2\/media\/2084"}],"wp:attachment":[{"href":"https:\/\/haberkaradenizim.com\/index.php\/wp-json\/wp\/v2\/media?parent=2083"}],"wp:term":[{"taxonomy":"category","embeddable":true,"href":"https:\/\/haberkaradenizim.com\/index.php\/wp-json\/wp\/v2\/categories?post=2083"},{"taxonomy":"post_tag","embeddable":true,"href":"https:\/\/haberkaradenizim.com\/index.php\/wp-json\/wp\/v2\/tags?post=2083"}],"curies":[{"name":"wp","href":"https:\/\/api.w.org\/{rel}","templated":true}]}}