{"id":2081,"date":"2023-08-06T01:47:23","date_gmt":"2023-08-05T22:47:23","guid":{"rendered":"https:\/\/haberkaradenizim.com\/index.php\/2023\/08\/06\/cukurova-unlu-isimleri-misafir-edecek\/"},"modified":"2023-08-06T01:47:23","modified_gmt":"2023-08-05T22:47:23","slug":"cukurova-unlu-isimleri-misafir-edecek","status":"publish","type":"post","link":"https:\/\/haberkaradenizim.com\/index.php\/2023\/08\/06\/cukurova-unlu-isimleri-misafir-edecek\/","title":{"rendered":"\u00c7ukurova \u00dcnl\u00fc isimleri misafir edecek"},"content":{"rendered":"<p><img decoding=\"async\" src=\"https:\/\/www.magazinhaber.com.tr\/images\/haberler\/2022\/03\/cukurova-unlu-isimleri-misafir-edecek-1647875843.jpg\" \/><\/p>\n<p>Etkinlik 12-13-14-15 May\u0131s tarihlerinde m\u00fczikseverlerle bir arada olacak.<\/p>\n<p>Adana Seyhan&#8217;da olan festivalde Mazhar Fuat \u00d6zkan, Selda Ba\u011fcan, Sertab Erener, MaNga, Ceza ve Pentagram&#8217;\u0131n bulundu\u011fu 20 sanat\u00e7\u0131 sahne alacak.<\/p>\n","protected":false},"excerpt":{"rendered":"<p>Etkinlik 12-13-14-15 May\u0131s tarihlerinde m\u00fczikseverlerle bir arada olacak. Adana Seyhan&#8217;da olan festivalde Mazhar Fuat \u00d6zkan,<\/p>\n","protected":false},"author":1,"featured_media":2082,"comment_status":"open","ping_status":"open","sticky":false,"template":"","format":"standard","meta":{"footnotes":""},"categories":[1],"tags":[],"class_list":["post-2081","post","type-post","status-publish","format-standard","has-post-thumbnail","hentry","category-blog"],"_links":{"self":[{"href":"https:\/\/haberkaradenizim.com\/index.php\/wp-json\/wp\/v2\/posts\/2081","targetHints":{"allow":["GET"]}}],"collection":[{"href":"https:\/\/haberkaradenizim.com\/index.php\/wp-json\/wp\/v2\/posts"}],"about":[{"href":"https:\/\/haberkaradenizim.com\/index.php\/wp-json\/wp\/v2\/types\/post"}],"author":[{"embeddable":true,"href":"https:\/\/haberkaradenizim.com\/index.php\/wp-json\/wp\/v2\/users\/1"}],"replies":[{"embeddable":true,"href":"https:\/\/haberkaradenizim.com\/index.php\/wp-json\/wp\/v2\/comments?post=2081"}],"version-history":[{"count":0,"href":"https:\/\/haberkaradenizim.com\/index.php\/wp-json\/wp\/v2\/posts\/2081\/revisions"}],"wp:featuredmedia":[{"embeddable":true,"href":"https:\/\/haberkaradenizim.com\/index.php\/wp-json\/wp\/v2\/media\/2082"}],"wp:attachment":[{"href":"https:\/\/haberkaradenizim.com\/index.php\/wp-json\/wp\/v2\/media?parent=2081"}],"wp:term":[{"taxonomy":"category","embeddable":true,"href":"https:\/\/haberkaradenizim.com\/index.php\/wp-json\/wp\/v2\/categories?post=2081"},{"taxonomy":"post_tag","embeddable":true,"href":"https:\/\/haberkaradenizim.com\/index.php\/wp-json\/wp\/v2\/tags?post=2081"}],"curies":[{"name":"wp","href":"https:\/\/api.w.org\/{rel}","templated":true}]}}