{"id":2073,"date":"2023-08-05T00:57:00","date_gmt":"2023-08-04T21:57:00","guid":{"rendered":"https:\/\/haberkaradenizim.com\/index.php\/2023\/08\/05\/hemsire-serap-ozdemir-vefat-etti\/"},"modified":"2023-08-05T00:57:00","modified_gmt":"2023-08-04T21:57:00","slug":"hemsire-serap-ozdemir-vefat-etti","status":"publish","type":"post","link":"https:\/\/haberkaradenizim.com\/index.php\/2023\/08\/05\/hemsire-serap-ozdemir-vefat-etti\/","title":{"rendered":"Hem\u015fire Serap \u00d6zdemir Vefat Etti"},"content":{"rendered":"<p><img decoding=\"async\" src=\"https:\/\/saglikpersonelihabernet.teimg.com\/crop\/1280x720\/saglikpersonelihaber-net\/uploads\/2023\/08\/hemsire-serap-ozdemir-vefat-etti.jpg\" \/><br \/>\u0130l Sa\u011fl\u0131k M\u00fcd\u00fcr\u00fc Erol Karaca, yapt\u0131\u011f\u0131 duyuruda \u015funlar\u0131 s\u00f6yledi: &#8220;Akhisar Mustafa Kirazo\u011flu Devlet Hastanesinde g\u00f6rev yapmakta olan \u00e7al\u0131\u015fma arkada\u015f\u0131m\u0131z Hem\u015fire Serap \u00d6zdemir vefat etmi\u015ftir. Merhumeye y\u00fcce Allah&#8217;tan rahmet, ailesine ve sa\u011fl\u0131k camiam\u0131za ba\u015fsa\u011fl\u0131\u011f\u0131 diliyorum.&#8221;<\/p>\n","protected":false},"excerpt":{"rendered":"<p>\u0130l Sa\u011fl\u0131k M\u00fcd\u00fcr\u00fc Erol Karaca, yapt\u0131\u011f\u0131 duyuruda \u015funlar\u0131 s\u00f6yledi: &#8220;Akhisar Mustafa Kirazo\u011flu Devlet Hastanesinde g\u00f6rev<\/p>\n","protected":false},"author":1,"featured_media":2074,"comment_status":"open","ping_status":"open","sticky":false,"template":"","format":"standard","meta":{"footnotes":""},"categories":[27],"tags":[],"class_list":["post-2073","post","type-post","status-publish","format-standard","has-post-thumbnail","hentry","category-saglik"],"_links":{"self":[{"href":"https:\/\/haberkaradenizim.com\/index.php\/wp-json\/wp\/v2\/posts\/2073","targetHints":{"allow":["GET"]}}],"collection":[{"href":"https:\/\/haberkaradenizim.com\/index.php\/wp-json\/wp\/v2\/posts"}],"about":[{"href":"https:\/\/haberkaradenizim.com\/index.php\/wp-json\/wp\/v2\/types\/post"}],"author":[{"embeddable":true,"href":"https:\/\/haberkaradenizim.com\/index.php\/wp-json\/wp\/v2\/users\/1"}],"replies":[{"embeddable":true,"href":"https:\/\/haberkaradenizim.com\/index.php\/wp-json\/wp\/v2\/comments?post=2073"}],"version-history":[{"count":0,"href":"https:\/\/haberkaradenizim.com\/index.php\/wp-json\/wp\/v2\/posts\/2073\/revisions"}],"wp:featuredmedia":[{"embeddable":true,"href":"https:\/\/haberkaradenizim.com\/index.php\/wp-json\/wp\/v2\/media\/2074"}],"wp:attachment":[{"href":"https:\/\/haberkaradenizim.com\/index.php\/wp-json\/wp\/v2\/media?parent=2073"}],"wp:term":[{"taxonomy":"category","embeddable":true,"href":"https:\/\/haberkaradenizim.com\/index.php\/wp-json\/wp\/v2\/categories?post=2073"},{"taxonomy":"post_tag","embeddable":true,"href":"https:\/\/haberkaradenizim.com\/index.php\/wp-json\/wp\/v2\/tags?post=2073"}],"curies":[{"name":"wp","href":"https:\/\/api.w.org\/{rel}","templated":true}]}}