{"id":2071,"date":"2023-08-05T09:38:05","date_gmt":"2023-08-05T06:38:05","guid":{"rendered":"https:\/\/haberkaradenizim.com\/index.php\/2023\/08\/05\/galatasaray-haberleri-super-lig-ekibinden-midtsjo-hamlesi\/"},"modified":"2023-08-05T09:38:05","modified_gmt":"2023-08-05T06:38:05","slug":"galatasaray-haberleri-super-lig-ekibinden-midtsjo-hamlesi","status":"publish","type":"post","link":"https:\/\/haberkaradenizim.com\/index.php\/2023\/08\/05\/galatasaray-haberleri-super-lig-ekibinden-midtsjo-hamlesi\/","title":{"rendered":"GALATASARAY HABERLER\u0130 &#8211; S\u00fcper Lig ekibinden Midtsj\u00f6 hamlesi!"},"content":{"rendered":"<p><\n\n<div data-index=\"4\">\n<figure class=\"featured-image view-10 view-md-20\">&#13;<br \/>\n                                    <a href=\"https:\/\/iaftm.tmgrup.com.tr\/43356e\/0\/0\/0\/0\/0\/0?u=https:\/\/iftm.tmgrup.com.tr\/album\/2023\/08\/05\/1691208992228.jpg&amp;mw=1200&amp;l=1\" class=\"fancybox-effects\">&#13;\n                                        <picture>&#13;<br \/>\n                                            <img decoding=\"async\" src=\"https:\/\/iaftm.tmgrup.com.tr\/a26b30\/0\/0\/0\/0\/0\/0?u=https:\/\/iftm.tmgrup.com.tr\/album\/2023\/08\/05\/1691208992228.jpg&amp;mw=752&amp;mh=700&amp;l=1\" alt=\"GALATASARAY HABERLER\u0130 - S\u00fcper Lig ekibinden Midtsj\u00f6 hamlesi!\" class=\"lazyload\"\/> <!-- mobile -->&#13;\n                                        <\/picture>&#13;<br \/>\n                                    <\/a>&#13;<br \/>\n                                <\/figure>\n<section class=\"detail-text-content\">&#13;<\/p>\n<p>\u0130stanbul ekibi, kiralama iste\u011fini sar\u0131-k\u0131rm\u0131z\u0131l\u0131 kul\u00fcbe iletti.<\/p>\n<p>  &#13;<br \/>\n&#13;<br \/>\n&#13;<br \/>\n                                <\/section>\n<\/p><\/div>\n<div data-index=\"5\">\n<figure class=\"featured-image view-10 view-md-20\">&#13;<br \/>\n                                    <a href=\"https:\/\/iaftm.tmgrup.com.tr\/f221f9\/0\/0\/0\/0\/0\/0?u=https:\/\/iftm.tmgrup.com.tr\/album\/2023\/08\/05\/1691208991659.jpg&amp;mw=1200&amp;l=1\" class=\"fancybox-effects\">&#13;\n                                        <picture>&#13;<br \/>\n                                            <img decoding=\"async\" src=\"https:\/\/iaftm.tmgrup.com.tr\/eecc67\/0\/0\/0\/0\/0\/0?u=https:\/\/iftm.tmgrup.com.tr\/album\/2023\/08\/05\/1691208991659.jpg&amp;mw=752&amp;mh=700&amp;l=1\" alt=\"GALATASARAY HABERLER\u0130 - S\u00fcper Lig ekibinden Midtsj\u00f6 hamlesi!\" class=\"lazyload\"\/> <!-- mobile -->&#13;\n                                        <\/picture>&#13;<br \/>\n                                    <\/a>&#13;<br \/>\n                                <\/figure>\n<section class=\"detail-text-content\">&#13;<\/p>\n<p>Midstj\u00f6&#8217;n\u00fcn de s\u0131cak bakt\u0131\u011f\u0131 transferin k\u0131sa s\u00fcre i\u00e7inde resmiyete d\u00f6k\u00fclmesi bekleniyor.<\/p>\n<p>  &#13;<br \/>\n&#13;<br \/>\n&#13;<br \/>\n                                <\/section>\n<\/p><\/div>\n<div data-index=\"6\">\n<figure class=\"featured-image view-10 view-md-20\">&#13;<br \/>\n                                    <a href=\"https:\/\/iaftm.tmgrup.com.tr\/93bcbb\/0\/0\/0\/0\/0\/0?u=https:\/\/iftm.tmgrup.com.tr\/album\/2023\/08\/05\/1691208993894.jpg&amp;mw=1200&amp;l=1\" class=\"fancybox-effects\">&#13;\n                                        <picture>&#13;<br \/>\n                                            <img decoding=\"async\" src=\"https:\/\/iaftm.tmgrup.com.tr\/80314d\/0\/0\/0\/0\/0\/0?u=https:\/\/iftm.tmgrup.com.tr\/album\/2023\/08\/05\/1691208993894.jpg&amp;mw=752&amp;mh=700&amp;l=1\" alt=\"GALATASARAY HABERLER\u0130 - S\u00fcper Lig ekibinden Midtsj\u00f6 hamlesi!\" class=\"lazyload\"\/> <!-- mobile -->&#13;\n                                        <\/picture>&#13;<br \/>\n                                    <\/a>&#13;<br \/>\n                                <\/figure>\n<section class=\"detail-text-content\">&#13;<\/p>\n<p><strong><span style=\"background-color:#FFFF00\">FREDRIK MIDTSJ\u00d6 K\u0130MD\u0130R?<\/span><\/strong><\/p>\n<p>Fredrik Midtsj\u00f6, 11 A\u011fustos 1993&#8217;te Norve\u00e7&#8217;in Tr\u00f8ndelag ilinde bulunan Stj\u00f8rdal b\u00f6lgesinde d\u00fcnyaya geldi. Futbola da Stj\u00f8rdals-Blink&#8217;in altyap\u0131s\u0131nda ba\u015flad\u0131.<\/p>\n<p>  &#13;<br \/>\n&#13;<br \/>\n&#13;<br \/>\n                                <\/section>\n<\/p><\/div>\n","protected":false},"excerpt":{"rendered":"<p>< &#13; &#13; &#13; &#13; &#13; &#13; &#13; \u0130stanbul ekibi, kiralama iste\u011fini sar\u0131-k\u0131rm\u0131z\u0131l\u0131 kul\u00fcbe iletti.\n<\/p>\n","protected":false},"author":1,"featured_media":2072,"comment_status":"open","ping_status":"open","sticky":false,"template":"","format":"standard","meta":{"footnotes":""},"categories":[29],"tags":[],"class_list":["post-2071","post","type-post","status-publish","format-standard","has-post-thumbnail","hentry","category-spor"],"_links":{"self":[{"href":"https:\/\/haberkaradenizim.com\/index.php\/wp-json\/wp\/v2\/posts\/2071","targetHints":{"allow":["GET"]}}],"collection":[{"href":"https:\/\/haberkaradenizim.com\/index.php\/wp-json\/wp\/v2\/posts"}],"about":[{"href":"https:\/\/haberkaradenizim.com\/index.php\/wp-json\/wp\/v2\/types\/post"}],"author":[{"embeddable":true,"href":"https:\/\/haberkaradenizim.com\/index.php\/wp-json\/wp\/v2\/users\/1"}],"replies":[{"embeddable":true,"href":"https:\/\/haberkaradenizim.com\/index.php\/wp-json\/wp\/v2\/comments?post=2071"}],"version-history":[{"count":0,"href":"https:\/\/haberkaradenizim.com\/index.php\/wp-json\/wp\/v2\/posts\/2071\/revisions"}],"wp:featuredmedia":[{"embeddable":true,"href":"https:\/\/haberkaradenizim.com\/index.php\/wp-json\/wp\/v2\/media\/2072"}],"wp:attachment":[{"href":"https:\/\/haberkaradenizim.com\/index.php\/wp-json\/wp\/v2\/media?parent=2071"}],"wp:term":[{"taxonomy":"category","embeddable":true,"href":"https:\/\/haberkaradenizim.com\/index.php\/wp-json\/wp\/v2\/categories?post=2071"},{"taxonomy":"post_tag","embeddable":true,"href":"https:\/\/haberkaradenizim.com\/index.php\/wp-json\/wp\/v2\/tags?post=2071"}],"curies":[{"name":"wp","href":"https:\/\/api.w.org\/{rel}","templated":true}]}}