{"id":2018,"date":"2023-07-31T16:52:36","date_gmt":"2023-07-31T13:52:36","guid":{"rendered":"https:\/\/haberkaradenizim.com\/index.php\/2023\/07\/31\/fenerbahce-bekonun-hazirlik-programi-belli-oldu-son-dakika-basketbol-haberleri\/"},"modified":"2023-07-31T16:52:36","modified_gmt":"2023-07-31T13:52:36","slug":"fenerbahce-bekonun-hazirlik-programi-belli-oldu-son-dakika-basketbol-haberleri","status":"publish","type":"post","link":"https:\/\/haberkaradenizim.com\/index.php\/2023\/07\/31\/fenerbahce-bekonun-hazirlik-programi-belli-oldu-son-dakika-basketbol-haberleri\/","title":{"rendered":"Fenerbah\u00e7e Beko\u2019nun haz\u0131rl\u0131k program\u0131 belli oldu &#8211; Son dakika Basketbol haberleri"},"content":{"rendered":"<p><<img decoding=\"async\" src=\"https:\/\/iaftm.tmgrup.com.tr\/fddff0\/622\/349\/0\/0\/1280\/717?u=https:\/\/iftm.tmgrup.com.tr\/2023\/07\/31\/fenerbahce-bekonun-hazirlik-programi-belli-oldu-1690809726377.jpeg\" \/><\/p>\n<div id=\"\">&#13;<br \/>\n&#13;<br \/>\n&#13;<\/p>\n<p>Yeni sezon \u00f6ncesinde ilk tak\u0131m idman\u0131n\u0131 25 A\u011fustos Cuma g\u00fcn\u00fc yapacak olan <a href=\"https:\/\/www.fotomac.com.tr\/haberleri\/fenerbahce-erkek-basketbol-takimi?id=8ba952c6-f857-4720-98bd-14433f7703d1\" class=\"\">Fenerbah\u00e7e Erkek Basketbol tak\u0131m\u0131<\/a>, Rodos&#8217;ta 15-16 Eyl\u00fcl tarihlerinde, Moskova&#8217;da ise 21-24 Eyl\u00fcl tarihleri aras\u0131nda iki haz\u0131rl\u0131k turnuvas\u0131na kat\u0131lacak. <a href=\"https:\/\/www.fotomac.com.tr\/haberleri\/fenerbahce-beko?id=0a72920a-bb80-4050-b797-b4620e6f781a\" class=\"\">Fenerbah\u00e7e Beko<\/a>&#8216;nun Rodos&#8217;ta kat\u0131laca\u011f\u0131 Nikos Galis Turnuvas\u0131&#8217;nda <a href=\"https:\/\/www.fotomac.com.tr\/haberleri\/maccabi?id=7af3a586-b587-4d1e-b80b-cd8cad5d25f6\" class=\"\">Maccabi<\/a> Playtika, <a href=\"https:\/\/www.fotomac.com.tr\/haberleri\/valencia?id=3904396a-58b8-4295-be6e-08e6ae52f2a8\" class=\"\">Valencia<\/a> ve <a href=\"https:\/\/www.fotomac.com.tr\/haberleri\/panathinaikos?id=4b7db351-cf64-4313-8123-fa110ac2cb90\" class=\"\">Panathinaikos<\/a> ekipleri yer alacak. Sar\u0131-lacivertlilerin Moskova&#8217;da kat\u0131laca\u011f\u0131 <a href=\"https:\/\/www.fotomac.com.tr\/haberleri\/vtb-super-kupasi?id=3f97a2e0-0868-4ef9-b140-237dd9e605c7\" class=\"\">VTB S\u00fcper Kupas\u0131<\/a>&#8216;nda ise Fenerbah\u00e7e Beko&#8217;nun yan\u0131 s\u0131ra <a href=\"https:\/\/www.fotomac.com.tr\/haberleri\/cska-moskova?id=f5bc737e-f106-4e55-a2e6-772b1a855d4d\" class=\"\">CSKA Moskova<\/a>, <a href=\"https:\/\/www.fotomac.com.tr\/haberleri\/lokomotiv-kuban?id=9264f118-1d9c-4d7c-b939-3995ce777fd7\" class=\"\">Lokomotiv Kuban<\/a>, Nizhny Novgorod, <a href=\"https:\/\/www.fotomac.com.tr\/haberleri\/zenit?id=152d60c3-bcd6-4894-9309-22146c7d8afa\" class=\"\">Zenit<\/a>, UNICS Kazan, <a href=\"https:\/\/www.fotomac.com.tr\/haberleri\/besiktas?id=28fd8829-36bc-4b06-8a71-33cb4902d706\" class=\"\">Be\u015fikta\u015f<\/a> ve <a href=\"https:\/\/www.fotomac.com.tr\/haberleri\/mba-moskova?id=d9785df7-ad5b-47a6-8e65-686089acc475\" class=\"\">MBA Moskova<\/a> ekipleri bulunacak.&#13;\n<\/p>\n<p>Fenerbah\u00e7e Beko&#8217;nun haz\u0131rl\u0131k program\u0131 kapsam\u0131nda oynayaca\u011f\u0131 kar\u015f\u0131la\u015fmalar ise \u015f\u00f6yle:<\/p>\n<p>&#13;<\/p>\n<p><strong>6 Eyl\u00fcl: <\/strong>Fenerbah\u00e7e Beko &#8211; <a href=\"https:\/\/www.fotomac.com.tr\/haberleri\/bahcesehir-koleji?id=0dd1b296-32a9-4ae5-9c2a-c85c8444c48f\" class=\"\">Bah\u00e7e\u015fehir Koleji<\/a> (\u00dclker Spor ve Etkinlik Salonu)<\/p>\n<p>&#13;<\/p>\n<p><strong>11 Eyl\u00fcl: <\/strong>Fenerbah\u00e7e Beko &#8211; Zenit (\u00dclker Spor ve Etkinlik Salonu)<\/p>\n<p>&#13;<\/p>\n<p><strong>15 Eyl\u00fcl: <\/strong>Fenerbah\u00e7e Beko &#8211; Valencia (Rodos)<\/p>\n<p>&#13;<\/p>\n<p><strong>16 Eyl\u00fcl: <\/strong>Fenerbah\u00e7e Beko &#8211; Panathinaikos ya da Maccabi (Rodos)<\/p>\n<p>&#13;<\/p>\n<p><strong>21 Eyl\u00fcl: <\/strong>Fenerbah\u00e7e Beko &#8211; MBA Moskova (Moskova)<\/p>\n<p>&#13;<\/p>\n<p><strong>23 Eyl\u00fcl:<\/strong> Fenerbah\u00e7e Beko &#8211; CSKA Moskova ya da Lokomotiv Kuban (Moskova)<\/p>\n<p>&#13;<\/p>\n<p><strong>24 Eyl\u00fcl: <\/strong>Final ya da klasman ma\u00e7lar\u0131 (Moskova)<\/p>\n<p>&#13;<br \/>\n&#13;<br \/>\n&#13;<br \/>\n&#13;<br \/>\n&#13;\n                <\/p><\/div>\n","protected":false},"excerpt":{"rendered":"","protected":false},"author":1,"featured_media":2019,"comment_status":"open","ping_status":"open","sticky":false,"template":"","format":"standard","meta":{"footnotes":""},"categories":[29],"tags":[],"class_list":["post-2018","post","type-post","status-publish","format-standard","has-post-thumbnail","hentry","category-spor"],"_links":{"self":[{"href":"https:\/\/haberkaradenizim.com\/index.php\/wp-json\/wp\/v2\/posts\/2018","targetHints":{"allow":["GET"]}}],"collection":[{"href":"https:\/\/haberkaradenizim.com\/index.php\/wp-json\/wp\/v2\/posts"}],"about":[{"href":"https:\/\/haberkaradenizim.com\/index.php\/wp-json\/wp\/v2\/types\/post"}],"author":[{"embeddable":true,"href":"https:\/\/haberkaradenizim.com\/index.php\/wp-json\/wp\/v2\/users\/1"}],"replies":[{"embeddable":true,"href":"https:\/\/haberkaradenizim.com\/index.php\/wp-json\/wp\/v2\/comments?post=2018"}],"version-history":[{"count":0,"href":"https:\/\/haberkaradenizim.com\/index.php\/wp-json\/wp\/v2\/posts\/2018\/revisions"}],"wp:featuredmedia":[{"embeddable":true,"href":"https:\/\/haberkaradenizim.com\/index.php\/wp-json\/wp\/v2\/media\/2019"}],"wp:attachment":[{"href":"https:\/\/haberkaradenizim.com\/index.php\/wp-json\/wp\/v2\/media?parent=2018"}],"wp:term":[{"taxonomy":"category","embeddable":true,"href":"https:\/\/haberkaradenizim.com\/index.php\/wp-json\/wp\/v2\/categories?post=2018"},{"taxonomy":"post_tag","embeddable":true,"href":"https:\/\/haberkaradenizim.com\/index.php\/wp-json\/wp\/v2\/tags?post=2018"}],"curies":[{"name":"wp","href":"https:\/\/api.w.org\/{rel}","templated":true}]}}