{"id":1825,"date":"2023-07-14T19:11:03","date_gmt":"2023-07-14T16:11:03","guid":{"rendered":"https:\/\/haberkaradenizim.com\/index.php\/2023\/07\/14\/lerzan-mutludan-ciddi-dava\/"},"modified":"2023-07-14T19:11:03","modified_gmt":"2023-07-14T16:11:03","slug":"lerzan-mutludan-ciddi-dava","status":"publish","type":"post","link":"https:\/\/haberkaradenizim.com\/index.php\/2023\/07\/14\/lerzan-mutludan-ciddi-dava\/","title":{"rendered":"Lerzan Mutlu&#039;dan ciddi dava !"},"content":{"rendered":"<p><img decoding=\"async\" src=\"https:\/\/www.magazinhaber.com.tr\/images\/haberler\/2022\/03\/lerzan-mutludan-ciddi-dava-1648210556.jpg\" \/><\/p>\n<p>G\u00fcne\u015f Gazetesi&#8217;nden Neslihan Keskin&#8217;in haberine g\u00f6re Lerzan Mutlu ve Ceren Hindistan aras\u0131ndaki hakaret davas\u0131nda sular durulmuyor.<\/p>\n<p>\u0130stanbul Anadolu Mahkemesi&#8217;nde a\u015fa\u011f\u0131 yukar\u0131 iki senedir devam eden davada mahkeme \u015fark\u0131c\u0131y\u0131 hakl\u0131 bularak oyuncunun 7 bin lira manevi tazminat\u0131 faiziyle e\u015f g\u00fcd\u00fcml\u00fc \u00f6demesine h\u00fckmetmi\u015fti.<\/p>\n<p>Mutlu, kazand\u0131\u011f\u0131 tazminat \u00fccretini alamad\u0131\u011f\u0131 iddias\u0131yla Hindistan&#8217;la bir kez daha kar\u015f\u0131 kar\u015f\u0131ya geldi.<\/p>\n<p>\u0130cra M\u00fcd\u00fcrl\u00fc\u011f\u00fc&#8217;ne ba\u015fvuran \u015fark\u0131c\u0131, oyuncunun tazminat\u0131n\u0131 \u00f6demedi\u011fi gerek\u00e7esiyle icra takibi ba\u015flatt\u0131.<\/p>\n<p>Lerzan Mutlu&#8217;nun dilek\u00e7esinde tazminat miktar\u0131, avukatl\u0131k \u00fccreti ve icra masraflar\u0131yla e\u015f g\u00fcd\u00fcml\u00fc toplam 20 bin 90 TL Ceren Hindistan&#8217;dan alacakl\u0131 bulundu\u011fu ifade edildi.<\/p>\n<p>\u0130kili aras\u0131nda Mutlu&#8217;nun, bir devre sunuculu\u011funu yapt\u0131\u011f\u0131 &#8216;S\u00f6ylemezsem Olmaz&#8217; program\u0131nda Hindistan&#8217;\u0131n i\u015fadam\u0131 \u00dcmit Aslan&#8217;la yapt\u0131\u011f\u0131 imam nikahl\u0131 evlili\u011fiyle alakal\u0131 ele\u015ftiride bulunmu\u015ftu.<\/p>\n<p>Hindistan&#8217;da sosyal haber hesab\u0131ndan, &#8220;T\u00fcrkiye&#8217;nin iki seviyesizi \u00e7\u0131km\u0131\u015f bizi ele\u015ftiriyor. Hangi vas\u0131fla? Ya\u015fam bizim dedikodusu sizin, hay\u0131rd\u0131r? \u0130mam nik\u00e2hl\u0131 da olurum resmi nik\u00e2hl\u0131 da. Allah sizin belan\u0131z\u0131 versin!&#8221; \u015feklinde payla\u015f\u0131mda bulunmu\u015ftu.<\/p>\n","protected":false},"excerpt":{"rendered":"<p>G\u00fcne\u015f Gazetesi&#8217;nden Neslihan Keskin&#8217;in haberine g\u00f6re Lerzan Mutlu ve Ceren Hindistan aras\u0131ndaki hakaret davas\u0131nda sular<\/p>\n","protected":false},"author":1,"featured_media":1826,"comment_status":"open","ping_status":"open","sticky":false,"template":"","format":"standard","meta":{"footnotes":""},"categories":[1],"tags":[],"class_list":["post-1825","post","type-post","status-publish","format-standard","has-post-thumbnail","hentry","category-blog"],"_links":{"self":[{"href":"https:\/\/haberkaradenizim.com\/index.php\/wp-json\/wp\/v2\/posts\/1825","targetHints":{"allow":["GET"]}}],"collection":[{"href":"https:\/\/haberkaradenizim.com\/index.php\/wp-json\/wp\/v2\/posts"}],"about":[{"href":"https:\/\/haberkaradenizim.com\/index.php\/wp-json\/wp\/v2\/types\/post"}],"author":[{"embeddable":true,"href":"https:\/\/haberkaradenizim.com\/index.php\/wp-json\/wp\/v2\/users\/1"}],"replies":[{"embeddable":true,"href":"https:\/\/haberkaradenizim.com\/index.php\/wp-json\/wp\/v2\/comments?post=1825"}],"version-history":[{"count":0,"href":"https:\/\/haberkaradenizim.com\/index.php\/wp-json\/wp\/v2\/posts\/1825\/revisions"}],"wp:featuredmedia":[{"embeddable":true,"href":"https:\/\/haberkaradenizim.com\/index.php\/wp-json\/wp\/v2\/media\/1826"}],"wp:attachment":[{"href":"https:\/\/haberkaradenizim.com\/index.php\/wp-json\/wp\/v2\/media?parent=1825"}],"wp:term":[{"taxonomy":"category","embeddable":true,"href":"https:\/\/haberkaradenizim.com\/index.php\/wp-json\/wp\/v2\/categories?post=1825"},{"taxonomy":"post_tag","embeddable":true,"href":"https:\/\/haberkaradenizim.com\/index.php\/wp-json\/wp\/v2\/tags?post=1825"}],"curies":[{"name":"wp","href":"https:\/\/api.w.org\/{rel}","templated":true}]}}