{"id":1742,"date":"2023-07-06T18:39:00","date_gmt":"2023-07-06T15:39:00","guid":{"rendered":"https:\/\/haberkaradenizim.com\/index.php\/2023\/07\/06\/maas-zammi-vergi-dilimlerinden-etkilenmemeli\/"},"modified":"2023-07-06T18:39:00","modified_gmt":"2023-07-06T15:39:00","slug":"maas-zammi-vergi-dilimlerinden-etkilenmemeli","status":"publish","type":"post","link":"https:\/\/haberkaradenizim.com\/index.php\/2023\/07\/06\/maas-zammi-vergi-dilimlerinden-etkilenmemeli\/","title":{"rendered":"Maa\u015f Zamm\u0131 Vergi Dilimlerinden Etkilenmemeli!"},"content":{"rendered":"<div data-text-id=\"24794\" property=\"articleBody\">\n<p><a href=\"https:\/\/www.saglikpersonelihaber.net\/haberleri\" class=\"internal_link\" target=\"_blank\" title=\"\" rel=\"noopener\">H\u00fck\u00fcmet, d\u00fcn TBMM&#8217;ye sundu\u011fu kanun teklifiyle memurlara y\u00fczde 17,56&#8217;lik zam ve 8 bin liral\u0131k seyyanen zam karar\u0131 ald\u0131. Ancak memurlar genellikle Temmuz veya A\u011fustos aylar\u0131nda \u00fcst vergi dilimine girmektedir. Vergi dilimleri ise sadece y\u0131l\u0131n ba\u015f\u0131nda Maliye Bakanl\u0131\u011f\u0131 taraf\u0131ndan yay\u0131nlanan genelgeyle belirlenmektedir.<\/p>\n<p><strong>2023 y\u0131l\u0131 Gelir vergisi dilimleri<\/strong><\/p>\n<p>Vergi dilimlerine ili\u015fkin resmi d\u00fczenleme, 30 Aral\u0131k 2022 tarihli Resmi Gazete&#8217;de yay\u0131mlanan 323 Seri Nolu Gelir Vergisi Genel Tebli\u011fi&#8217;nin 3. maddesinde yer almaktad\u0131r. S\u00f6z konusu maddeye g\u00f6re, 2023 takvim y\u0131l\u0131 gelirlerinin vergilendirilmesinde kullan\u0131lacak tarife a\u015fa\u011f\u0131daki \u015fekilde yeniden belirlenmi\u015ftir,<\/p>\n<p>193 say\u0131l\u0131 Kanunun 103. maddesinin birinci f\u0131kras\u0131nda yer alan gelir vergisine tabi gelirlerin vergilendirilmesinde temel al\u0131nacak olan tarife \u015fu \u015fekildedir:<\/p>\n<p>70.000 TL&#8217;ye kadar\u00a0\u00a0\u00a0\u00a0\u00a0 \u00a0\u00a0\u00a0\u00a0\u00a0\u00a0\u00a0\u00a0\u00a0\u00a0\u00a0\u00a0\u00a0\u00a0\u00a0\u00a0\u00a0\u00a0\u00a0\u00a0\u00a0\u00a0\u00a0\u00a0\u00a0\u00a0\u00a0\u00a0\u00a0\u00a0\u00a0\u00a0\u00a0\u00a0\u00a0\u00a0\u00a0\u00a0\u00a0\u00a0\u00a0\u00a0\u00a0\u00a0\u00a0\u00a0\u00a0\u00a0\u00a0\u00a0\u00a0\u00a0\u00a0\u00a0\u00a0\u00a0\u00a0\u00a0\u00a0\u00a0\u00a0\u00a0\u00a0\u00a0\u00a0\u00a0\u00a0\u00a0\u00a0\u00a0\u00a0\u00a0\u00a0\u00a0\u00a0\u00a0\u00a0\u00a0\u00a0\u00a0\u00a0\u00a0\u00a0\u00a0\u00a0\u00a0\u00a0\u00a0\u00a0\u00a0\u00a0\u00a0\u00a0\u00a0\u00a0\u00a0\u00a0\u00a0% 15<\/p>\n<p>150.000 TL&#8217;nin 70.000 TL&#8217;si i\u00e7in 10.500 TL, fazlas\u0131\u00a0\u00a0\u00a0\u00a0\u00a0\u00a0\u00a0\u00a0\u00a0\u00a0\u00a0\u00a0\u00a0\u00a0\u00a0\u00a0\u00a0\u00a0\u00a0\u00a0\u00a0\u00a0\u00a0\u00a0\u00a0\u00a0\u00a0\u00a0\u00a0\u00a0\u00a0\u00a0\u00a0\u00a0\u00a0\u00a0\u00a0\u00a0\u00a0\u00a0\u00a0\u00a0\u00a0\u00a0\u00a0\u00a0\u00a0\u00a0\u00a0\u00a0\u00a0\u00a0 % 20<\/p>\n<p>370.000 TL&#8217;nin 150.000 TL&#8217;si i\u00e7in 26.500 TL (\u00fccret gelirlerinde<\/p>\n<div class=\"post-flash\">\n        <!--\n\n<h3 class=\"post-flash__title\">G&ouml;zden ka&ccedil;&#305;rmay&#305;n<\/h3>\n\n--><br \/>\n                <a href=\"https:\/\/www.saglikpersonelihaber.net\/gram-altin-icin-islam-memisten-ongoru-sektorde-buyuk-dalgalanma-bekleniyor\" class=\"post-flash__content\" target=\"_self\" title=\"Gram Alt\u0131n \u0130\u00e7in \u0130slam Memi\u015f'ten \u00d6ng\u00f6r\u00fc! Sekt\u00f6rde B\u00fcy\u00fck Dalgalanma Bekleniyor!\" style=\"background-color: #1C38A6\" rel=\"noopener\"><br \/>\n            <img loading=\"lazy\" decoding=\"async\" src=\"https:\/\/saglikpersonelihabernet.teimg.com\/crop\/250x150\/saglikpersonelihaber-net\/uploads\/2023\/07\/islam-memis.jpg\" alt=\"Gram Alt\u0131n \u0130\u00e7in \u0130slam Memi\u015f'ten \u00d6ng\u00f6r\u00fc! Sekt\u00f6rde B\u00fcy\u00fck Dalgalanma Bekleniyor!\" width=\"231\" height=\"140\" class=\"content-paragraph-image\"\/><br \/>\n            <span class=\"post-flash__heading\"><br \/>\n                <span class=\"post-flash__h4\">Gram Alt\u0131n \u0130\u00e7in \u0130slam Memi\u015f&#8217;ten \u00d6ng\u00f6r\u00fc! Sekt\u00f6rde B\u00fcy\u00fck Dalgalanma Bekleniyor!<\/span><br \/>\n            <\/span><br \/>\n        <\/a>\n            <\/div>\n<p>550.000 TL&#8217;nin 150.000 TL&#8217;si i\u00e7in 26.500 TL), fazlas\u0131\u00a0\u00a0\u00a0\u00a0\u00a0\u00a0\u00a0\u00a0\u00a0\u00a0\u00a0\u00a0\u00a0\u00a0\u00a0\u00a0\u00a0\u00a0\u00a0\u00a0\u00a0\u00a0\u00a0\u00a0\u00a0\u00a0\u00a0\u00a0\u00a0\u00a0\u00a0\u00a0\u00a0\u00a0\u00a0\u00a0\u00a0\u00a0\u00a0\u00a0\u00a0\u00a0\u00a0\u00a0\u00a0\u00a0\u00a0\u00a0 % 27<\/p>\n<p>1.900.000 TL&#8217;nin 370.000 TL&#8217;si i\u00e7in 85.900 TL, (\u00fccret gelirlerinde<\/p>\n<p>1.900.000 TL&#8217;nin 550.000 TL&#8217;si i\u00e7in 134.500 TL), fazlas\u0131 \u00a0\u00a0\u00a0\u00a0\u00a0\u00a0\u00a0\u00a0\u00a0\u00a0\u00a0\u00a0\u00a0\u00a0\u00a0\u00a0\u00a0\u00a0\u00a0\u00a0\u00a0\u00a0\u00a0\u00a0\u00a0\u00a0\u00a0\u00a0\u00a0\u00a0\u00a0\u00a0\u00a0\u00a0\u00a0\u00a0\u00a0\u00a0\u00a0\u00a0\u00a0\u00a0\u00a0% 35<\/p>\n<p>1.900.000 TL&#8217;den fazlas\u0131n\u0131n 1.900.000 TL&#8217;si i\u00e7in 621.400 TL,<\/p>\n<p>(\u00fccret gelirlerinde 1.900.000 TL&#8217;den fazlas\u0131n\u0131n 1.900.000 TL&#8217;si i\u00e7in<\/p>\n<p>607.000 TL), fazlas\u0131\u00a0\u00a0\u00a0\u00a0\u00a0\u00a0\u00a0\u00a0\u00a0\u00a0\u00a0\u00a0\u00a0\u00a0\u00a0\u00a0\u00a0\u00a0\u00a0\u00a0\u00a0\u00a0\u00a0\u00a0\u00a0\u00a0\u00a0\u00a0\u00a0\u00a0\u00a0\u00a0\u00a0\u00a0\u00a0\u00a0\u00a0\u00a0\u00a0\u00a0\u00a0\u00a0\u00a0\u00a0\u00a0\u00a0\u00a0\u00a0\u00a0\u00a0\u00a0\u00a0\u00a0\u00a0\u00a0\u00a0\u00a0\u00a0\u00a0\u00a0\u00a0\u00a0\u00a0\u00a0\u00a0\u00a0\u00a0\u00a0\u00a0\u00a0\u00a0\u00a0\u00a0\u00a0\u00a0\u00a0\u00a0\u00a0\u00a0\u00a0\u00a0\u00a0\u00a0\u00a0\u00a0\u00a0\u00a0\u00a0\u00a0\u00a0\u00a0\u00a0\u00a0\u00a0\u00a0\u00a0\u00a0\u00a0\u00a0\u00a0\u00a0 % 40&#8243;<\/p>\n<p>Eyl\u00fcl ay\u0131 itibariyle memurlar\u0131n \u00fcst vergi dilimine girece\u011fi belirtiliyor. \u015eu anda bir\u00e7ok memur, 50-55 bin liral\u0131k gelir vergisi matrah\u0131na ula\u015fm\u0131\u015f durumda. Eyl\u00fcl ay\u0131ndan itibaren memurlar\u0131n b\u00fcy\u00fck \u00e7o\u011funlu\u011funun bir \u00fcst vergi dilimine girece\u011fi \u00f6ng\u00f6r\u00fcl\u00fcyor.<\/p>\n<p>Bu durumda maa\u015flar\u0131 \u00fczerindeki vergi y\u00fck\u00fc y\u00fczde 15&#8217;ten y\u00fczde 20&#8217;ye y\u00fckselecektir. Gelir vergisi dilimlerinin, maa\u015f ve asgari \u00fccret zamm\u0131 gibi y\u0131lda iki kez belirlenmesi gerekti\u011fi d\u00fc\u015f\u00fcn\u00fcl\u00fcyor.<\/p>\n<\/p><\/div>\n","protected":false},"excerpt":{"rendered":"<p>H\u00fck\u00fcmet, d\u00fcn TBMM&#8217;ye sundu\u011fu kanun teklifiyle memurlara y\u00fczde 17,56&#8217;lik zam ve 8 bin liral\u0131k seyyanen<\/p>\n","protected":false},"author":1,"featured_media":1743,"comment_status":"open","ping_status":"open","sticky":false,"template":"","format":"standard","meta":{"footnotes":""},"categories":[27],"tags":[],"class_list":["post-1742","post","type-post","status-publish","format-standard","has-post-thumbnail","hentry","category-saglik"],"_links":{"self":[{"href":"https:\/\/haberkaradenizim.com\/index.php\/wp-json\/wp\/v2\/posts\/1742","targetHints":{"allow":["GET"]}}],"collection":[{"href":"https:\/\/haberkaradenizim.com\/index.php\/wp-json\/wp\/v2\/posts"}],"about":[{"href":"https:\/\/haberkaradenizim.com\/index.php\/wp-json\/wp\/v2\/types\/post"}],"author":[{"embeddable":true,"href":"https:\/\/haberkaradenizim.com\/index.php\/wp-json\/wp\/v2\/users\/1"}],"replies":[{"embeddable":true,"href":"https:\/\/haberkaradenizim.com\/index.php\/wp-json\/wp\/v2\/comments?post=1742"}],"version-history":[{"count":0,"href":"https:\/\/haberkaradenizim.com\/index.php\/wp-json\/wp\/v2\/posts\/1742\/revisions"}],"wp:featuredmedia":[{"embeddable":true,"href":"https:\/\/haberkaradenizim.com\/index.php\/wp-json\/wp\/v2\/media\/1743"}],"wp:attachment":[{"href":"https:\/\/haberkaradenizim.com\/index.php\/wp-json\/wp\/v2\/media?parent=1742"}],"wp:term":[{"taxonomy":"category","embeddable":true,"href":"https:\/\/haberkaradenizim.com\/index.php\/wp-json\/wp\/v2\/categories?post=1742"},{"taxonomy":"post_tag","embeddable":true,"href":"https:\/\/haberkaradenizim.com\/index.php\/wp-json\/wp\/v2\/tags?post=1742"}],"curies":[{"name":"wp","href":"https:\/\/api.w.org\/{rel}","templated":true}]}}