{"id":1203,"date":"2023-07-01T11:07:18","date_gmt":"2023-07-01T08:07:18","guid":{"rendered":"https:\/\/haberkaradenizim.com\/index.php\/2023\/07\/01\/konservatuvar-birincisi-gorme-engelli-firat-devlet-sanatcisi-olmak-istiyor\/"},"modified":"2023-07-01T11:07:18","modified_gmt":"2023-07-01T08:07:18","slug":"konservatuvar-birincisi-gorme-engelli-firat-devlet-sanatcisi-olmak-istiyor","status":"publish","type":"post","link":"https:\/\/haberkaradenizim.com\/index.php\/2023\/07\/01\/konservatuvar-birincisi-gorme-engelli-firat-devlet-sanatcisi-olmak-istiyor\/","title":{"rendered":"Konservatuvar birincisi g\u00f6rme engelli F\u0131rat, devlet sanat\u00e7\u0131s\u0131 olmak istiyor"},"content":{"rendered":"<div>\n<p>Do\u011fu\u015ftan g\u00f6rme engelli 25 ya\u015f\u0131ndaki Ata\u015f, hayat\u0131 boyunca m\u00fczik yapmay\u0131 hedefledi. Ailesinin de y\u00f6nlendirmesiyle girdi\u011fi \u00f6zel yetenek s\u0131nav\u0131yla 2018&#8217;de AK\u00dc Devlet Konservatuvar\u0131na kabul edilen Ata\u015f, T\u00fcrk Halk M\u00fczi\u011fi B\u00f6l\u00fcm birincisi olarak mezun oldu.<\/p>\n<p>Mezuniyet sevicini ailesi ve \u00f6\u011fretmenleriyle ya\u015fayan Ata\u015f, AA muhabirine, hayat\u0131nda hi\u00e7bir engele tak\u0131lmad\u0131\u011f\u0131n\u0131, hi\u00e7 pes etmedi\u011fini s\u00f6yledi.<\/p>\n<p><img decoding=\"async\" alt=\"\" src=\"https:\/\/www.aa.com.tr\/uploads\/userFiles\/88e4063b-7018-4331-b06e-f0cb513ac64c\/2023%2F07%2Ffirat1-1.jpg\"\/><\/p>\n<h3>Engeli kafas\u0131ndan att\u0131, ba\u015far\u0131 geldi<\/h3>\n<p>E\u011fitim hayat\u0131nda da hep derslerine \u00e7ok \u00e7al\u0131\u015ft\u0131\u011f\u0131n\u0131 aktaran Ata\u015f, hocas\u0131 Emrah Kal\u0131n&#8217;\u0131n deste\u011fiyle ba\u015far\u0131l\u0131 \u015fekilde mezun oldu\u011funu dile getirdi.<\/p>\n<p>\u00d6\u011fretmen olmak i\u00e7in formasyon almay\u0131 d\u00fc\u015f\u00fcnd\u00fc\u011f\u00fcn\u00fc anlatan Ata\u015f, &#8220;Benim en b\u00fcy\u00fck hedefim, ses sanat\u00e7\u0131 olarak TRT&#8217;ye girmek. Konservatuvara giri\u015f nedenim TRT&#8217;dir.&#8221; dedi.<\/p>\n<p>Hedefini ger\u00e7ekle\u015ftirece\u011fine ve bir g\u00fcn devlet sanat\u00e7\u0131s\u0131 olaca\u011f\u0131na inand\u0131\u011f\u0131n\u0131 vurgulayan Ata\u015f, &#8220;B\u00fct\u00fcn engelli arkada\u015flara tavsiyem azmi, \u00e7al\u0131\u015fmay\u0131 asla b\u0131rakmas\u0131nlar. Engeli kendilerine problem olarak g\u00f6rmesinler. Engeli kafamdan att\u0131m, b\u00f6l\u00fcm\u00fc birincilikle bitirdim.&#8221; ifadesini kulland\u0131.<\/p>\n<p><img decoding=\"async\" alt=\"\" src=\"https:\/\/admin.aa.com.tr\/uploads\/userFiles\/88e4063b-7018-4331-b06e-f0cb513ac64c\/2023%2F07%2Ffirat1-2.jpg\"\/><\/p>\n<h3>Motivasyon s\u00f6zleri &#8220;Engel tan\u0131m\u0131yoruz&#8221; oldu<\/h3>\n<p>AK\u00dc Devlet Konservatuvar\u0131 T\u00fcrk Halk M\u00fczi\u011fi B\u00f6l\u00fcm\u00fc \u00f6\u011fretim g\u00f6revlisi Emrah Kal\u0131n da akademik anlamda ilk engelli \u00f6\u011frencisinin F\u0131rat oldu\u011funu dile getirdi.<\/p>\n<p>\u00d6\u011frencisiyle birbirlerini s\u00fcrekli motive ettiklerini belirten Kal\u0131n, \u015f\u00f6yle konu\u015ftu:<\/p>\n<p>&#8220;Bulu\u015fmam\u0131zdan sonra en b\u00fcy\u00fck motivasyon s\u00f6z\u00fcm\u00fcz, &#8216;Engel tan\u0131m\u0131yoruz.&#8217; oldu. Mesleki m\u00fczik e\u011fitiminin en \u00f6nemli unsurlar\u0131ndan birisi notay\u0131 okuyabilmek, yazabilmektir. F\u0131rat&#8217;\u0131n bu anlamda eksi\u011fini kapatmak i\u00e7in gece g\u00fcnd\u00fcz \u00e7al\u0131\u015ft\u0131k. F\u0131rat i\u00e7in Breille nota sistemini \u00f6\u011frendim. Notalar\u0131 yazarak, gerekti\u011finde breille alfabesiyle kitap bast\u0131rarak ve \u00e7al\u0131\u015farak ba\u015fard\u0131k. Ders i\u00e7i ders d\u0131\u015f\u0131 mesai ay\u0131rd\u0131k. F\u0131rat&#8217;\u0131n gitti\u011fi her yere enerjisiyle, azmiyle \u0131\u015f\u0131k sa\u00e7aca\u011f\u0131na inanc\u0131m tamd\u0131r. F\u0131rat okudu\u011fu y\u0131l boyunca derse zaman\u0131nda gelirdi. Hi\u00e7 devams\u0131zl\u0131k yapmad\u0131. Mesleki becerisi de ortada.&#8221;<\/p>\n<p><img decoding=\"async\" alt=\"\" src=\"https:\/\/admin.aa.com.tr\/uploads\/userFiles\/88e4063b-7018-4331-b06e-f0cb513ac64c\/2023%2F07%2Ffirat1-3.jpg\"\/><\/p>\n<p>Baba E\u015fref Ata\u015f (52) da o\u011flunun hedeflerine ula\u015fmas\u0131 i\u00e7in her zaman yan\u0131nda olaca\u011f\u0131n\u0131 ifade etti.<\/p>\n<p>                            <span class=\"detay-foto-editor\">&#13;<br \/>\n                                <a href=\"https:\/\/www.aa.com.tr\/tr\/p\/abonelik-talep-formu\/1001\" target=\"_blank\" style=\"font-size:12px; color:#444; text-decoration:none;\" rel=\"noopener\">&#13;<br \/>\n                                    Anadolu Ajans\u0131 web sitesinde, AA Haber Ak\u0131\u015f Sistemi (HAS) \u00fczerinden abonelere sunulan haberler, \u00f6zetlenerek yay\u0131mlanmaktad\u0131r. <b style=\"color:#1897F7\">Abonelik i\u00e7in l\u00fctfen ileti\u015fime ge\u00e7iniz.<\/b>&#13;<br \/>\n                                <\/a>&#13;<br \/>\n                            <\/span>\n                        <\/div>\n<p><script>\n\t  window.fbAsyncInit = function() {\n\t\tFB.init({\n\t\t  appId: '1855843514662870',\n\t\t  status : true, \/\/ check login status\n\t\t  cookie : true, \/\/ enable cookies to allow the server to access the session\n\t\t  xfbml  : true  \/\/ parse XFBML\n\t\t});\n\t  };<\/p>\n<p>\t  (function() {\n\t\tvar e = document.createElement('script');\n\t\te.src=\"https:\/\/connect.facebook.net\/tr_TR\/all.js\";\n\t\te.async = true;\n\t\tdocument.getElementById('fb-root').appendChild(e);\n\t  }());\n    <\/script><\/p>\n","protected":false},"excerpt":{"rendered":"<p>Do\u011fu\u015ftan g\u00f6rme engelli 25 ya\u015f\u0131ndaki Ata\u015f, hayat\u0131 boyunca m\u00fczik yapmay\u0131 hedefledi. Ailesinin de y\u00f6nlendirmesiyle girdi\u011fi<\/p>\n","protected":false},"author":1,"featured_media":1205,"comment_status":"open","ping_status":"open","sticky":false,"template":"","format":"standard","meta":{"footnotes":""},"categories":[32],"tags":[],"class_list":["post-1203","post","type-post","status-publish","format-standard","has-post-thumbnail","hentry","category-ana-menu"],"_links":{"self":[{"href":"https:\/\/haberkaradenizim.com\/index.php\/wp-json\/wp\/v2\/posts\/1203","targetHints":{"allow":["GET"]}}],"collection":[{"href":"https:\/\/haberkaradenizim.com\/index.php\/wp-json\/wp\/v2\/posts"}],"about":[{"href":"https:\/\/haberkaradenizim.com\/index.php\/wp-json\/wp\/v2\/types\/post"}],"author":[{"embeddable":true,"href":"https:\/\/haberkaradenizim.com\/index.php\/wp-json\/wp\/v2\/users\/1"}],"replies":[{"embeddable":true,"href":"https:\/\/haberkaradenizim.com\/index.php\/wp-json\/wp\/v2\/comments?post=1203"}],"version-history":[{"count":0,"href":"https:\/\/haberkaradenizim.com\/index.php\/wp-json\/wp\/v2\/posts\/1203\/revisions"}],"wp:featuredmedia":[{"embeddable":true,"href":"https:\/\/haberkaradenizim.com\/index.php\/wp-json\/wp\/v2\/media\/1205"}],"wp:attachment":[{"href":"https:\/\/haberkaradenizim.com\/index.php\/wp-json\/wp\/v2\/media?parent=1203"}],"wp:term":[{"taxonomy":"category","embeddable":true,"href":"https:\/\/haberkaradenizim.com\/index.php\/wp-json\/wp\/v2\/categories?post=1203"},{"taxonomy":"post_tag","embeddable":true,"href":"https:\/\/haberkaradenizim.com\/index.php\/wp-json\/wp\/v2\/tags?post=1203"}],"curies":[{"name":"wp","href":"https:\/\/api.w.org\/{rel}","templated":true}]}}