{"id":1201,"date":"2023-07-01T11:07:24","date_gmt":"2023-07-01T08:07:24","guid":{"rendered":"https:\/\/haberkaradenizim.com\/index.php\/2023\/07\/01\/tarihin-sifir-noktasi-gobeklitepe-unesco-ile-unune-un-katti-2\/"},"modified":"2023-07-01T11:07:24","modified_gmt":"2023-07-01T08:07:24","slug":"tarihin-sifir-noktasi-gobeklitepe-unesco-ile-unune-un-katti-2","status":"publish","type":"post","link":"https:\/\/haberkaradenizim.com\/index.php\/2023\/07\/01\/tarihin-sifir-noktasi-gobeklitepe-unesco-ile-unune-un-katti-2\/","title":{"rendered":"&#8220;Tarihin s\u0131f\u0131r noktas\u0131&#8221; G\u00f6beklitepe UNESCO ile \u00fcn\u00fcne \u00fcn katt\u0131"},"content":{"rendered":"<div>\n<p>&#8220;Tarihin s\u0131f\u0131r noktas\u0131&#8221; olarak nitelendirilen ve UNESCO D\u00fcnya Miras Listesi&#8217;nde yer almas\u0131n\u0131n ard\u0131ndan \u00fcn\u00fc s\u0131n\u0131rlar\u0131 a\u015fan tarihi \u00f6ren yeri, her y\u0131l d\u00fcnyan\u0131n bir\u00e7ok noktas\u0131ndan ziyaret\u00e7i a\u011f\u0131rl\u0131yor.<\/p>\n<p>Ziyarete a\u00e7\u0131ld\u0131\u011f\u0131 2018 y\u0131l\u0131nda \u00fcst koruma \u00e7at\u0131s\u0131 yap\u0131m \u00e7al\u0131\u015fmalar\u0131 nedeniyle bir k\u0131sm\u0131 kapal\u0131 kalan \u00f6ren yerini o d\u00f6nem yakla\u015f\u0131k 70 bin ki\u015fi ziyaret etti. Cumhurba\u015fkan\u0131 Recep Tayyip Erdo\u011fan&#8217;\u0131n 2019&#8217;u &#8220;G\u00f6beklitepe Y\u0131l\u0131&#8221; ilan etmesiyle \u00f6ren yeri, 412 bin 378 ziyaret\u00e7i a\u011f\u0131rlayarak \u00f6nemli bir say\u0131ya ula\u015fmay\u0131 ba\u015fard\u0131.<\/p>\n<p>Ziyaret\u00e7i say\u0131s\u0131n\u0131n 2020&#8217;de artmas\u0131 beklenirken Kovid-19 salg\u0131n\u0131 sebebiyle olu\u015fturulan seyahat k\u0131s\u0131tlamalar\u0131 nedeniyle \u00f6ren yerini sadece 197 bin 912 ki\u015fi ziyaret edebildi. G\u00f6beklitepe, 2021&#8217;de 567 bin 453 ki\u015fiyi a\u011f\u0131rlayarak 4 y\u0131l\u0131n en y\u00fcksek ziyaret\u00e7i say\u0131s\u0131na ula\u015ft\u0131. Tarihi \u00f6ren yeri, 2022 y\u0131l\u0131nda ise 850 bin misafire ev sahipli\u011fi yaparak ziyaret\u00e7i rekoru k\u0131rd\u0131.<\/p>\n<p>2023 y\u0131l\u0131n\u0131n ilk yar\u0131s\u0131nda, Kahramanmara\u015f merkezli depremler ve kentte etkili olan sel bask\u0131n\u0131 nedeniyle bir s\u00fcre ziyarete kapal\u0131 olan \u00f6ren yerini 6 ayl\u0131k d\u00f6nemde 56 bin 112 ki\u015fi gezdi.<\/p>\n<p>AA ekiplerince dron ve FPV dron da kullan\u0131larak g\u00f6r\u00fcnt\u00fclenen G\u00f6beklitepe, bayram tatilinde de ziyaret\u00e7iler i\u00e7in \u00e7ekim merkezi olmay\u0131 s\u00fcrd\u00fcr\u00fcyor.<\/p>\n<p><img decoding=\"async\" alt=\"\" src=\"https:\/\/www.aa.com.tr\/uploads\/userFiles\/76bad36d-1411-48e8-a1ae-b65e58872c06\/01.07%2F5%2FAA-31565977.jpg\"\/><\/p>\n<p>\u015eanl\u0131urfa B\u00fcy\u00fck\u015fehir Belediye Ba\u015fkan\u0131 Zeynel Abidin Beyazg\u00fcl, AA muhabirine, G\u00f6beklitepe&#8217;nin ke\u015ffiyle insanl\u0131k tarihine ili\u015fkin yeni bilgilerin g\u00fcn y\u00fcz\u00fcne \u00e7\u0131kt\u0131\u011f\u0131n\u0131 an\u0131msatt\u0131.<\/p>\n<p>G\u00f6beklitepe&#8217;de bulunan &#8220;T&#8221; \u015feklindeki dikilita\u015flar \u00fczerindeki sembollerin ziyaret\u00e7ilerini zamanda yolculu\u011fa \u00e7\u0131kard\u0131\u011f\u0131n\u0131 aktaran Beyazg\u00fcl, insanl\u0131k tarihine ili\u015fkin daha fazla bilgi elde etmek i\u00e7in b\u00f6lgedeki \u00e7al\u0131\u015fmalar\u0131n s\u00fcrd\u00fc\u011f\u00fcn\u00fc s\u00f6yledi.<\/p>\n<p>Beyazg\u00fcl, G\u00f6beklitepe&#8217;de insanl\u0131k inanc\u0131na, k\u00fclt\u00fcr\u00fcne ve medeniyetine ili\u015fkin \u00e7ok fazla \u015feyin bulundu\u011funu belirterek, \u015f\u00f6yle konu\u015ftu:<\/p>\n<p>&#8220;Bunun i\u00e7in ki G\u00f6beklitepe insanl\u0131\u011f\u0131n merak\u0131n\u0131 uyand\u0131rd\u0131. Bu ta\u015flardan birinin \u00f6rne\u011fi Birle\u015fmi\u015f Milletler&#8217;e dikildi. Yine o g\u00fcnden bug\u00fcne, yakla\u015f\u0131k 2 milyon 250 bin ki\u015fi G\u00f6beklitepe&#8217;yi g\u00f6rmeye geldi. Bu rakam \u00f6nemli bir rakam, neden mi? Biliyorsunuz \u00e7ok \u00f6nemli zamanlardan ge\u00e7tik. Pandemiden ge\u00e7tik, depremlerden ge\u00e7tik, sel bask\u0131nlar\u0131ndan ge\u00e7tik ama insanlar\u0131n G\u00f6beklitepe&#8217;yi ziyaret etme a\u015fk\u0131 hi\u00e7bir zaman bitmedi. Biz bundan sonra da katlanarak devam edece\u011fine inan\u0131yoruz. \u00c7\u00fcnk\u00fc insanlar atas\u0131n\u0131n nas\u0131l ya\u015fad\u0131\u011f\u0131n\u0131, ilk insan\u0131n nas\u0131l ya\u015fad\u0131\u011f\u0131n\u0131, nas\u0131l bir noktadan ba\u015flad\u0131\u011f\u0131n\u0131 bilmek isteyecektir. Bunu bildi\u011fi zaman di\u011fer tarihi s\u00fcre\u00e7leri yerine oturtmak m\u00fcmk\u00fcn olacakt\u0131r.<\/p>\n<p>Urfa&#8217;n\u0131n ba\u015fka bir \u00f6zelli\u011fi, buran\u0131n peygamberler \u015fehri olmas\u0131d\u0131r ki peygamberler \u015fehrine ili\u015fkin izleri var. Bizans&#8217;a ili\u015fkin izler var. \u0130nanca ili\u015fkin tarih burada yat\u0131yor, belki G\u00f6beklitepe&#8217;de de inanc\u0131n izleri vard\u0131r. Onu biz bilemiyoruz \u015fu anda ama bir \u015fey biliyoruz. Orada medeniyetin izlerinin oldu\u011fu kesin.&#8221;<\/p>\n<p>G\u00f6beklitepe&#8217;nin UNESCO D\u00fcnya Miras\u0131 Listesi&#8217;ne girmesiyle bilinirli\u011finin T\u00fcrkiye s\u0131n\u0131rlar\u0131 d\u0131\u015f\u0131na \u00e7\u0131kt\u0131\u011f\u0131na i\u015faret eden Beyazg\u00fcl, \u00f6ren yerine olan bu ilginin ziyaret\u00e7i say\u0131s\u0131n\u0131 da art\u0131rd\u0131\u011f\u0131n\u0131 ifade etti.<\/p>\n<p>Beyazg\u00fcl, \u015eanl\u0131urfa&#8217;n\u0131n \u0130slam \u0130\u015fbirli\u011fi Te\u015fkilat\u0131 taraf\u0131ndan &#8220;\u0130slam \u00fclkelerinin 2023 turizm kenti&#8221; se\u00e7ildi\u011fini aktararak, inan\u00e7 ve k\u00fclt\u00fcr \u015fehri \u015eanl\u0131urfa&#8217;ya gelecek ki\u015filerin yapacaklar\u0131 ziyaretlerle G\u00f6beklitepe&#8217;nin daha fazla \u00f6n plana \u00e7\u0131kaca\u011f\u0131n\u0131 s\u00f6yledi.<\/p>\n<p><img decoding=\"async\" alt=\"\" src=\"https:\/\/www.aa.com.tr\/uploads\/userFiles\/76bad36d-1411-48e8-a1ae-b65e58872c06\/01.07%2F5%2FAA-31565984.jpg\"\/><\/p>\n<h3>&#8220;G\u00f6beklitepe&#8217;de her ge\u00e7en g\u00fcn yo\u011funluk art\u0131yor&#8221;<\/h3>\n<p>\u015eanl\u0131urfa B\u00f6lgesel Turist Rehberleri Odas\u0131 Genel Sekreteri M\u00fcsl\u00fcm \u00c7oban ise G\u00f6beklitepe&#8217;nin ba\u015fta \u015eanl\u0131urfa olmak \u00fczere G\u00fcneydo\u011fu ve T\u00fcrkiye turizmi i\u00e7in adeta bir lokomotif g\u00f6revi g\u00f6rd\u00fc\u011f\u00fcn\u00fc s\u00f6yledi.<\/p>\n<p>G\u00f6beklitepe i\u00e7in kente gelen insanlar\u0131n b\u00f6lge illerini de ziyaret etti\u011fini vurgulayan \u00c7oban, \u015f\u00f6yle konu\u015ftu:<\/p>\n<p>&#8220;D\u00fcnyada ve T\u00fcrkiye&#8217;de insanlar gezi rotalar\u0131n\u0131 \u00e7\u0131kar\u0131rken, tatil planlar\u0131n\u0131 \u00f6zellikle UNESCO D\u00fcnya K\u00fclt\u00fcr Miras\u0131 Listesi&#8217;ni g\u00f6rme \u00fczerine yap\u0131yor. G\u00f6beklitepe kesinlikle son y\u0131llarda mutlaka g\u00f6r\u00fclmesi gereken yerler listesinde ve bir\u00e7ok insan da buradaki yerleri gezme plan\u0131 yap\u0131yor. O bak\u0131mdan G\u00f6beklitepe&#8217;de her ge\u00e7en g\u00fcn yo\u011funluk art\u0131yor ve insanlar\u0131n ilgisini \u00e7ekiyor. Eskiden bahar, sonbahar diye bir turizm ayr\u0131m\u0131 vard\u0131. G\u00f6beklitepe ile \u00e7ok \u015f\u00fck\u00fcr bunu da a\u015ft\u0131k. Art\u0131k neredeyse y\u0131l\u0131n 12 ay\u0131 insanlar G\u00f6beklitepe&#8217;yi, \u015eanl\u0131urfa&#8217;y\u0131, b\u00f6lgemizi ve T\u00fcrkiye&#8217;yi gezmeye geliyorlar.&#8221;<\/p>\n<p><img decoding=\"async\" alt=\"\" src=\"https:\/\/www.aa.com.tr\/uploads\/userFiles\/76bad36d-1411-48e8-a1ae-b65e58872c06\/01.07%2F5%2FAA-31565986.jpg\"\/><\/p>\n<h3>&#8220;D\u00fcnyan\u0131n en eski k\u00fclt merkezi&#8221;<\/h3>\n<p>\u015eanl\u0131urfa Arkeoloji M\u00fczesi M\u00fcd\u00fcr\u00fc Celal Uluda\u011f da G\u00f6beklitepe&#8217;nin 1963 y\u0131l\u0131nda ke\u015ffedildi\u011fini hat\u0131rlatarak, bu \u00e7al\u0131\u015fmalar\u0131n ard\u0131ndan b\u00f6lgenin neolotik bir alan oldu\u011funun belirlendi\u011fini s\u00f6yledi.<\/p>\n<p>O g\u00fcnden bu yana kaz\u0131lar\u0131n halen devam etti\u011fini belirten Uluda\u011f, &#8220;Buras\u0131 k\u00fclt merkezi. D\u00fcnyan\u0131n en eski k\u00fclt merkezi olarak tan\u0131mlayabiliriz. Son y\u0131llarda yap\u0131lan kaz\u0131larla birlikte burada yerle\u015fik yerle\u015fik hayat ve bununla birlikte b\u00f6lgede inan\u00e7 merkezleri de in\u015fa edilmi\u015f, bunu s\u00f6yleyebiliriz. D\u00fcnyada neolitik d\u00f6neme ait cevaplanmayan sorular\u0131n bu kaz\u0131larla cevaplanaca\u011f\u0131n\u0131 d\u00fc\u015f\u00fcn\u00fcyoruz. O y\u00fczden kaz\u0131lar\u0131 b\u00fcy\u00fck bir titizlikle de y\u00fcr\u00fct\u00fcyoruz.&#8221; diye konu\u015ftu.<\/p>\n<p>\u015eu anda G\u00f6beklitepe&#8217;nin d\u00fcnyadan \u00e7ok b\u00fcy\u00fck bir ilgi g\u00f6rd\u00fc\u011f\u00fcne i\u015faret eden Uluda\u011f, \u015funlar\u0131 kaydetti:<\/p>\n<p>&#8220;\u00d6zellikle 2018 y\u0131l\u0131nda UNESCO d\u00fcnya miras\u0131 kabul edilmesi, 2019 y\u0131l\u0131n\u0131n Cumhurba\u015fkan\u0131m\u0131z taraf\u0131ndan G\u00f6beklitepe Y\u0131l\u0131 ilan edilmesiyle birlikte her ge\u00e7en y\u0131l G\u00f6beklitepe&#8217;nin ziyaret\u00e7i say\u0131lar\u0131 art\u0131yor. D\u00fcnyadaki bilinirlili\u011fi artt\u0131. G\u00f6beklitepe ile uluslararas\u0131 alanda yay\u0131nlar yap\u0131ld\u0131, tan\u0131t\u0131mlar ger\u00e7ekle\u015fti. \u015eu an G\u00f6beklitepe&#8217;nin d\u00fcnyan\u0131n en \u00f6nemli turizm merkezlerinden birisi haline geldi\u011fini s\u00f6yleyebiliriz.&#8221;<\/p>\n<p><img decoding=\"async\" alt=\"\" src=\"https:\/\/www.aa.com.tr\/uploads\/userFiles\/76bad36d-1411-48e8-a1ae-b65e58872c06\/01.07%2F5%2FAA-31565989.jpg\"\/><\/p>\n<p>                            <span class=\"detay-foto-editor\">&#13;<br \/>\n                                <a href=\"https:\/\/www.aa.com.tr\/tr\/p\/abonelik-talep-formu\/1001\" target=\"_blank\" style=\"font-size:12px; color:#444; text-decoration:none;\" rel=\"noopener\">&#13;<br \/>\n                                    Anadolu Ajans\u0131 web sitesinde, AA Haber Ak\u0131\u015f Sistemi (HAS) \u00fczerinden abonelere sunulan haberler, \u00f6zetlenerek yay\u0131mlanmaktad\u0131r. <b style=\"color:#1897F7\">Abonelik i\u00e7in l\u00fctfen ileti\u015fime ge\u00e7iniz.<\/b>&#13;<br \/>\n                                <\/a>&#13;<br \/>\n                            <\/span>\n                        <\/div>\n<p><script>\n\t  window.fbAsyncInit = function() {\n\t\tFB.init({\n\t\t  appId: '1855843514662870',\n\t\t  status : true, \/\/ check login status\n\t\t  cookie : true, \/\/ enable cookies to allow the server to access the session\n\t\t  xfbml  : true  \/\/ parse XFBML\n\t\t});\n\t  };<\/p>\n<p>\t  (function() {\n\t\tvar e = document.createElement('script');\n\t\te.src=\"https:\/\/connect.facebook.net\/tr_TR\/all.js\";\n\t\te.async = true;\n\t\tdocument.getElementById('fb-root').appendChild(e);\n\t  }());\n    <\/script><\/p>\n","protected":false},"excerpt":{"rendered":"<p>&#8220;Tarihin s\u0131f\u0131r noktas\u0131&#8221; olarak nitelendirilen ve UNESCO D\u00fcnya Miras Listesi&#8217;nde yer almas\u0131n\u0131n ard\u0131ndan \u00fcn\u00fc s\u0131n\u0131rlar\u0131<\/p>\n","protected":false},"author":1,"featured_media":1202,"comment_status":"open","ping_status":"open","sticky":false,"template":"","format":"standard","meta":{"footnotes":""},"categories":[32],"tags":[],"class_list":["post-1201","post","type-post","status-publish","format-standard","has-post-thumbnail","hentry","category-ana-menu"],"_links":{"self":[{"href":"https:\/\/haberkaradenizim.com\/index.php\/wp-json\/wp\/v2\/posts\/1201","targetHints":{"allow":["GET"]}}],"collection":[{"href":"https:\/\/haberkaradenizim.com\/index.php\/wp-json\/wp\/v2\/posts"}],"about":[{"href":"https:\/\/haberkaradenizim.com\/index.php\/wp-json\/wp\/v2\/types\/post"}],"author":[{"embeddable":true,"href":"https:\/\/haberkaradenizim.com\/index.php\/wp-json\/wp\/v2\/users\/1"}],"replies":[{"embeddable":true,"href":"https:\/\/haberkaradenizim.com\/index.php\/wp-json\/wp\/v2\/comments?post=1201"}],"version-history":[{"count":0,"href":"https:\/\/haberkaradenizim.com\/index.php\/wp-json\/wp\/v2\/posts\/1201\/revisions"}],"wp:featuredmedia":[{"embeddable":true,"href":"https:\/\/haberkaradenizim.com\/index.php\/wp-json\/wp\/v2\/media\/1202"}],"wp:attachment":[{"href":"https:\/\/haberkaradenizim.com\/index.php\/wp-json\/wp\/v2\/media?parent=1201"}],"wp:term":[{"taxonomy":"category","embeddable":true,"href":"https:\/\/haberkaradenizim.com\/index.php\/wp-json\/wp\/v2\/categories?post=1201"},{"taxonomy":"post_tag","embeddable":true,"href":"https:\/\/haberkaradenizim.com\/index.php\/wp-json\/wp\/v2\/tags?post=1201"}],"curies":[{"name":"wp","href":"https:\/\/api.w.org\/{rel}","templated":true}]}}