{"id":1161,"date":"2023-07-01T11:10:34","date_gmt":"2023-07-01T08:10:34","guid":{"rendered":"https:\/\/haberkaradenizim.com\/index.php\/2023\/07\/01\/fransada-sokaklar-polis-kursunuyla-olen-genc-icin-savas-alanina-dondu\/"},"modified":"2023-07-01T12:06:48","modified_gmt":"2023-07-01T09:06:48","slug":"fransada-sokaklar-polis-kursunuyla-olen-genc-icin-savas-alanina-dondu","status":"publish","type":"post","link":"https:\/\/haberkaradenizim.com\/index.php\/2023\/07\/01\/fransada-sokaklar-polis-kursunuyla-olen-genc-icin-savas-alanina-dondu\/","title":{"rendered":"Fransa&#8217;da sokaklar polis kur\u015funuyla \u00f6len gen\u00e7 i\u00e7in sava\u015f alan\u0131na d\u00f6nd\u00fc"},"content":{"rendered":"<div>\n<p>Polis kur\u015funuyla hayat\u0131n\u0131 kaybeden gencin an\u0131s\u0131na d\u00fczenlenen g\u00f6steriler ba\u015fta Paris, Marsilya, Lyon olmak \u00fczere \u00fclke genelinde bir\u00e7ok kente s\u0131\u00e7rad\u0131.<\/p>\n<p>Ara\u00e7lar\u0131n ate\u015fe verildi\u011fi, okullar\u0131n, polis karakollar\u0131n\u0131n ve kamu binalar\u0131n\u0131n kundakland\u0131\u011f\u0131 g\u00f6sterilerde polisle protestocular aras\u0131nda sert \u00e7at\u0131\u015fmalar ya\u015fan\u0131yor. Protestolar\u0131n yay\u0131lmas\u0131yla sahadaki kolluk kuvvetleri yetersiz kald\u0131.<\/p>\n<p>Olaylar\u0131 kontrol alt\u0131na almak i\u00e7in h\u00fck\u00fcmet z\u0131rhl\u0131 ara\u00e7lar\u0131 ve takviye kuvvetleri sahaya s\u00fcrerken, polis olaylar\u0131n ba\u015flad\u0131\u011f\u0131 ilk g\u00fcnden bu yana en az 2 bin 122 protestocuyu g\u00f6zalt\u0131na ald\u0131.<\/p>\n<p>Yetkililer, g\u00f6zalt\u0131na al\u0131nanlar\u0131n b\u00fcy\u00fck \u00e7o\u011funlu\u011funun re\u015fit olmayan \u00e7ocuklardan olu\u015ftu\u011funu a\u00e7\u0131klad\u0131.<\/p>\n<p>\u00d6te yandan, Paris ve \u00e7evresinde toplu ta\u015f\u0131ma k\u0131smi olarak ask\u0131ya al\u0131n\u0131rken, patlak veren sokak olaylar\u0131 nedeniyle valiliklere \u00fclke genelinde saat 21.00&#8217;den sonra otob\u00fcs ve tramvay seferlerini iptal etme talimat\u0131 verildi.<\/p>\n<p>Fransa&#8217;da soka\u011fa \u00e7\u0131kma yasa\u011f\u0131n\u0131n uyguland\u0131\u011f\u0131 kent say\u0131s\u0131 ise 10&#8217;u buldu.<\/p>\n<p><img decoding=\"async\" src=\"https:\/\/www.aa.com.tr\/uploads\/userFiles\/96f91bbd-282f-4a24-a12c-1b1092cfeb3b\/009_2023%2F06_2023%2F31_Temmuz%2FAA-31565359.jpg\" alt=\"\" \/><\/p>\n<p>Sokaklardaki protestolara ili\u015fkin \u00fclkede d\u00fczenin sa\u011flanmas\u0131 i\u00e7in OHAL dahil t\u00fcm ihtimallerin masada oldu\u011fu yetkililerce dile getirilirken, Birle\u015fmi\u015f Milletler (BM) \u0130nsan Haklar\u0131 Y\u00fcksek Komiserli\u011fi S\u00f6zc\u00fcs\u00fc Ravina Shamdasani, polis kur\u015funuyla gen\u00e7 s\u00fcr\u00fcc\u00fcn\u00fcn \u00f6ld\u00fcr\u00fclmesi nedeniyle endi\u015fe duyduklar\u0131n\u0131 s\u00f6yledi. Shamdasani, &#8220;Fransa&#8217;n\u0131n, kolluk kuvvetlerindeki derin \u0131rk\u00e7\u0131l\u0131k ve ayr\u0131mc\u0131l\u0131k sorunlar\u0131n\u0131 ciddi \u015fekilde ele almas\u0131n\u0131n zaman\u0131d\u0131r.&#8221; ifadesini kulland\u0131.<\/p>\n<p>BM, Fransa&#8217;da polis kur\u015funuyla \u00f6ld\u00fcr\u00fclen gen\u00e7 i\u00e7in d\u00fczenlenen protestolara ili\u015fkin ise &#8220;Orant\u0131s\u0131z g\u00fc\u00e7 kullan\u0131m\u0131na ili\u015fkin t\u00fcm iddialar h\u0131zla soru\u015fturulmal\u0131d\u0131r.&#8221; mesaj\u0131n\u0131 verdi.<\/p>\n<p>Fransa D\u0131\u015fi\u015fleri Bakanl\u0131\u011f\u0131, BM&#8217;nin Frans\u0131z kolluk kuvvetlerindeki \u0131rk\u00e7\u0131l\u0131k ve ayr\u0131mc\u0131l\u0131\u011fa ili\u015fkin a\u00e7\u0131klamas\u0131n\u0131 &#8220;as\u0131ls\u0131z su\u00e7lama&#8221; olarak niteledi ancak \u00fclkede a\u015f\u0131r\u0131 sa\u011f siyaset\u00e7iler h\u00fck\u00fcmete OHAL \u00e7a\u011fr\u0131s\u0131 yapt\u0131 ve aksi durumda &#8220;i\u00e7 sava\u015f&#8221; \u00e7\u0131kaca\u011f\u0131n\u0131 savundu.<\/p>\n<p>Fransa Cumhurba\u015fkan\u0131 Emmanuel Macron, \u00fclkede \u00e7\u0131kan olaylar\u0131n ard\u0131ndan t\u00fcm ebeveynleri sorumlu olmaya ve \u00e7ocuklar\u0131n\u0131 evde tutmaya \u00e7a\u011f\u0131rd\u0131.<\/p>\n<p><img decoding=\"async\" src=\"https:\/\/www.aa.com.tr\/uploads\/userFiles\/96f91bbd-282f-4a24-a12c-1b1092cfeb3b\/009_2023%2F06_2023%2F31_Temmuz%2FAA-31565361.jpg\" alt=\"\" \/><\/p>\n<h3>Olaylar bir kentten di\u011ferine s\u0131\u00e7r\u0131yor<\/h3>\n<p>Nanterre kentinde bir otob\u00fcs ve \u00e7ok say\u0131da ara\u00e7 kundaklama sonucu k\u00fcl olurken, Fransa&#8217;n\u0131n kuzeyinden itfaiyeciler Paris banliy\u00f6lerindeki kundaklama olaylar\u0131na m\u00fcdahale i\u00e7in b\u00f6lgeye yard\u0131ma geldi.<\/p>\n<p>Marsilya&#8217;da bir kuyumcu soyuldu, bir\u00e7ok s\u00fcpermarket zinciri ate\u015fe verildi.<\/p>\n<p>Protestocular\u0131n burada bir kasay\u0131 motosikletle \u00e7ald\u0131\u011f\u0131 anlar kameralara yans\u0131d\u0131.<\/p>\n<p>Baz\u0131 protestocular da yang\u0131n s\u00f6nd\u00fcrmeye gelen itfaiyecilere barikat kurarak engel oldu.<\/p>\n<p>Baz\u0131 g\u00f6stericilerin de Paris&#8217;te koleksiyon par\u00e7as\u0131 l\u00fcks bir arac\u0131 hedef almas\u0131 g\u00f6r\u00fcnt\u00fclere yans\u0131d\u0131.<\/p>\n<p><img decoding=\"async\" src=\"https:\/\/www.aa.com.tr\/uploads\/userFiles\/96f91bbd-282f-4a24-a12c-1b1092cfeb3b\/009_2023%2F06_2023%2F31_Temmuz%2FAA-31565364.jpg\" alt=\"\" \/><\/p>\n<h3>Ger\u00e7ek silahlarla sokak kameras\u0131n\u0131 hedef ald\u0131<\/h3>\n<p>Lyon&#8217;un Meyzieu b\u00f6lgesinde bir ki\u015fi eline ald\u0131\u011f\u0131 silahla sokaktaki g\u00fcvenlik kameras\u0131na ate\u015f a\u00e7t\u0131.<\/p>\n<p>Protestocular kentteki postaneye patlay\u0131c\u0131yla sald\u0131rd\u0131.<\/p>\n<p>Rennes kentinde ise meydana konu\u015flanan bir z\u0131rhl\u0131ya protestocular havai fi\u015feklerle sald\u0131rd\u0131.<\/p>\n<p>Clamart&#8217;ta da polis karakolu havai fi\u015feklerle hedef al\u0131n\u0131rken Persan&#8217;da da belediye binas\u0131na sald\u0131r\u0131ld\u0131. Bina, protestocular taraf\u0131ndan ate\u015fe verildi.<\/p>\n<p>Frans\u0131z bas\u0131n\u0131n\u0131n \u0130\u00e7i\u015fleri Bakanl\u0131\u011f\u0131na dayand\u0131rd\u0131\u011f\u0131 verilere g\u00f6re, gece \u00e7\u0131kan olaylarda 1350 ara\u00e7 ate\u015fe verildi ve 234 bina kundakland\u0131 veya zarar g\u00f6rd\u00fc.<\/p>\n<p>Kamusal alanda 2 bin 560 noktada kundaklama yap\u0131l\u0131rken, en az 30 polis karakolu ve 11 jandarma karakolu sald\u0131r\u0131ya u\u011frad\u0131.<\/p>\n<p><span class=\"detay-foto-editor\"><br \/>\n<a style=\"font-size: 12px; color: #444; text-decoration: none;\" href=\"https:\/\/www.aa.com.tr\/tr\/p\/abonelik-talep-formu\/1001\" target=\"_blank\" rel=\"noopener\"><\/p>\n<p><\/a><br \/>\n<\/span><\/p>\n<\/div>\n<p><script><br \/>\n\t  window.fbAsyncInit = function() {<br \/>\n\t\tFB.init({<br \/>\n\t\t  appId: '1855843514662870',<br \/>\n\t\t  status : true, \/\/ check login status<br \/>\n\t\t  cookie : true, \/\/ enable cookies to allow the server to access the session<br \/>\n\t\t  xfbml  : true  \/\/ parse XFBML<br \/>\n\t\t});<br \/>\n\t  };<\/p>\n<p>\t  (function() {<br \/>\n\t\tvar e = document.createElement('script');<br \/>\n\t\te.src=\"https:\/\/connect.facebook.net\/tr_TR\/all.js\";<br \/>\n\t\te.async = true;<br \/>\n\t\tdocument.getElementById('fb-root').appendChild(e);<br \/>\n\t  }());<br \/>\n    <\/script><\/p>\n","protected":false},"excerpt":{"rendered":"<p>Polis kur\u015funuyla hayat\u0131n\u0131 kaybeden gencin an\u0131s\u0131na d\u00fczenlenen g\u00f6steriler ba\u015fta Paris, Marsilya, Lyon olmak \u00fczere \u00fclke<\/p>\n","protected":false},"author":1,"featured_media":1162,"comment_status":"open","ping_status":"open","sticky":false,"template":"","format":"standard","meta":{"footnotes":""},"categories":[1],"tags":[],"class_list":["post-1161","post","type-post","status-publish","format-standard","has-post-thumbnail","hentry","category-blog"],"_links":{"self":[{"href":"https:\/\/haberkaradenizim.com\/index.php\/wp-json\/wp\/v2\/posts\/1161","targetHints":{"allow":["GET"]}}],"collection":[{"href":"https:\/\/haberkaradenizim.com\/index.php\/wp-json\/wp\/v2\/posts"}],"about":[{"href":"https:\/\/haberkaradenizim.com\/index.php\/wp-json\/wp\/v2\/types\/post"}],"author":[{"embeddable":true,"href":"https:\/\/haberkaradenizim.com\/index.php\/wp-json\/wp\/v2\/users\/1"}],"replies":[{"embeddable":true,"href":"https:\/\/haberkaradenizim.com\/index.php\/wp-json\/wp\/v2\/comments?post=1161"}],"version-history":[{"count":1,"href":"https:\/\/haberkaradenizim.com\/index.php\/wp-json\/wp\/v2\/posts\/1161\/revisions"}],"predecessor-version":[{"id":1171,"href":"https:\/\/haberkaradenizim.com\/index.php\/wp-json\/wp\/v2\/posts\/1161\/revisions\/1171"}],"wp:featuredmedia":[{"embeddable":true,"href":"https:\/\/haberkaradenizim.com\/index.php\/wp-json\/wp\/v2\/media\/1162"}],"wp:attachment":[{"href":"https:\/\/haberkaradenizim.com\/index.php\/wp-json\/wp\/v2\/media?parent=1161"}],"wp:term":[{"taxonomy":"category","embeddable":true,"href":"https:\/\/haberkaradenizim.com\/index.php\/wp-json\/wp\/v2\/categories?post=1161"},{"taxonomy":"post_tag","embeddable":true,"href":"https:\/\/haberkaradenizim.com\/index.php\/wp-json\/wp\/v2\/tags?post=1161"}],"curies":[{"name":"wp","href":"https:\/\/api.w.org\/{rel}","templated":true}]}}