{"id":1159,"date":"2023-07-01T11:11:25","date_gmt":"2023-07-01T08:11:25","guid":{"rendered":"https:\/\/haberkaradenizim.com\/index.php\/2023\/07\/01\/karadagda-452-yildir-yasayan-osmanli-ailesi-turkce-ve-turk-kulturunu-ayakta-tutuyor\/"},"modified":"2023-07-01T12:06:28","modified_gmt":"2023-07-01T09:06:28","slug":"karadagda-452-yildir-yasayan-osmanli-ailesi-turkce-ve-turk-kulturunu-ayakta-tutuyor","status":"publish","type":"post","link":"https:\/\/haberkaradenizim.com\/index.php\/2023\/07\/01\/karadagda-452-yildir-yasayan-osmanli-ailesi-turkce-ve-turk-kulturunu-ayakta-tutuyor\/","title":{"rendered":"Karada\u011f&#8217;da 452 y\u0131ld\u0131r ya\u015fayan Osmanl\u0131 ailesi, T\u00fcrk\u00e7e ve T\u00fcrk k\u00fclt\u00fcr\u00fcn\u00fc ayakta tutuyor"},"content":{"rendered":"<div>\n<p>Bar&#8217;da ya\u015fayan 75 ya\u015f\u0131ndaki Osmanl\u0131 torunu Bayaz\u0131t Karag\u00f6z (Bajazit Karadzuzovic), dedelerinin Karada\u011f&#8217;a geli\u015fini ve T\u00fcrk k\u00fclt\u00fcr\u00fcn\u00fc nas\u0131l ayakta tuttuklar\u0131n\u0131 AA muhabirine anlatt\u0131.<\/p>\n<p>Karag\u00f6z, b\u00fcy\u00fck dedelerinden H\u00fcseyin Karag\u00f6z&#8217;\u00fcn 1571&#8217;de Osmanl\u0131lar\u0131n kente giri\u015fiyle Manisa&#8217;dan Bar&#8217;a geldi\u011fini ve o tarihten beri kenti terk etmediklerini s\u00f6yledi.<\/p>\n<p>Kendilerinin &#8220;eski T\u00fcrk\u00e7e&#8221; konu\u015ftuklar\u0131n\u0131 dile getiren Karag\u00f6z, &#8220;Dedem H\u00fcseyin, Karada\u011f&#8217;a geldi\u011fi andan itibaren hepimiz T\u00fcrk\u00e7e konu\u015fuyoruz. T\u00fcrk k\u00fclt\u00fcr\u00fcn\u00fc ve adetlerini hala evimizde ya\u015fat\u0131yoruz.&#8221; dedi.<\/p>\n<p><img decoding=\"async\" src=\"https:\/\/www.aa.com.tr\/uploads\/userFiles\/88e4063b-7018-4331-b06e-f0cb513ac64c\/2023%2F07%2Fosmanli1-1.jpg\" alt=\"\" \/><\/p>\n<p>Karag\u00f6z, H\u00fcseyin Karag\u00f6z&#8217;le \u015fehre bir\u00e7ok T\u00fcrk ailenin geldi\u011fine i\u015faret ederek &#8220;T\u00fcrk mutfa\u011f\u0131n\u0131 asla terk etmedik. Sarma, dolma, imambay\u0131ld\u0131, kelle pa\u00e7a, ba\u011f\u0131rsak yemeklerini bug\u00fcne kadar ta\u015f\u0131d\u0131k.&#8221; diye konu\u015ftu.<\/p>\n<p>T\u00fcrklerin \u00e7ay i\u00e7me k\u00fclt\u00fcr\u00fcn\u00fc de hala ayakta tuttuklar\u0131na dikkati \u00e7eken Karag\u00f6z, babas\u0131n\u0131n isminin Recep annesinin ise Cevahira oldu\u011funu kaydetti.<\/p>\n<p><img decoding=\"async\" src=\"https:\/\/admin.aa.com.tr\/uploads\/userFiles\/88e4063b-7018-4331-b06e-f0cb513ac64c\/2023%2F07%2Fosmanli1-2.jpg\" alt=\"\" \/><\/p>\n<h3>&#8220;Karadzuzovic pastanesi 89 y\u0131ld\u0131r hizmet veriyor&#8221;<\/h3>\n<p>Karag\u00f6z, babas\u0131 Recep ile amcas\u0131 Halil Karag\u00f6z&#8217;\u00fcn 1934&#8217;te bir pastane a\u00e7t\u0131klar\u0131n\u0131 belirterek &#8220;Karadzuzovic&#8221; ismini verdikleri pastanede halihaz\u0131rda kendisi ve o\u011fullar\u0131 Cengiz ile Agron&#8217;un \u00e7al\u0131\u015ft\u0131\u011f\u0131n\u0131 s\u00f6yledi.<\/p>\n<p>Bar&#8217;daki tarihi eski \u00e7ar\u015f\u0131daki d\u00fckkanlar\u0131n\u0131 1989&#8217;da \u015fehir merkezine ta\u015f\u0131d\u0131klar\u0131n\u0131 anlatan Karag\u00f6z, &#8220;D\u00fckkan\u0131m\u0131zda etli, peynirli, \u0131spanakl\u0131 ve patatesli b\u00f6reklerin yan\u0131 s\u0131ra bal, \u015feker, \u00e7ikolata ve cevizden yap\u0131lan sultanlar\u0131n yedi\u011fi &#8216;sultan sucuk&#8217; ad\u0131n\u0131 verdi\u011fimiz tatl\u0131y\u0131 yap\u0131yoruz.&#8221; ifadelerini kulland\u0131.<\/p>\n<p><img decoding=\"async\" src=\"https:\/\/admin.aa.com.tr\/uploads\/userFiles\/88e4063b-7018-4331-b06e-f0cb513ac64c\/2023%2F07%2Fosmanli1-3.jpg\" alt=\"\" \/><\/p>\n<p>Karag\u00f6z, d\u00fckkanlar\u0131ndaki tatlar\u0131n \u00e7o\u011funun \u00fclkenin hi\u00e7bir yerinde yap\u0131lmad\u0131\u011f\u0131n\u0131, sadece kendilerine ait oldu\u011funu s\u00f6yledi.<\/p>\n<h3>&#8220;Allah T\u00fcrkleri korusun ve hayatlar\u0131na bereket versin&#8221;<\/h3>\n<p>T\u00fcrkiye&#8217;deki akrabalar\u0131n\u0131 hala bulmay\u0131 umdu\u011funu kaydeden Karag\u00f6z, &#8220;2012&#8217;de akrabalar\u0131m\u0131 aramak i\u00e7in Manisa&#8217;ya gittim. Manisa ve \u0130zmir&#8217;deki Osmanl\u0131 belgelerinden ge\u00e7mi\u015flerimize bakt\u0131k ancak kimseye ula\u015famad\u0131k.&#8221; dedi.<\/p>\n<p><img decoding=\"async\" src=\"https:\/\/admin.aa.com.tr\/uploads\/userFiles\/88e4063b-7018-4331-b06e-f0cb513ac64c\/2023%2F07%2Fosmanli1-4.jpg\" alt=\"\" \/><\/p>\n<p>Karag\u00f6z, Manisa&#8217;da bulundu\u011fu s\u00fcrede, yerel y\u00f6netim ve halk taraf\u0131ndan \u00e7ok s\u0131cak kar\u015f\u0131land\u0131\u011f\u0131n\u0131, orada bulundu\u011fu birka\u00e7 g\u00fcnde hayat\u0131 boyunca unutamayaca\u011f\u0131 anlar ya\u015fad\u0131\u011f\u0131n\u0131 anlatt\u0131.<\/p>\n<p><img decoding=\"async\" src=\"https:\/\/admin.aa.com.tr\/uploads\/userFiles\/88e4063b-7018-4331-b06e-f0cb513ac64c\/2023%2F07%2Fosmanli1-5.jpg\" alt=\"\" \/><\/p>\n<p>T\u00fcrkiye&#8217;de 6 \u015eubat&#8217;ta meydana gelen Kahramanmara\u015f merkezli depremlerin kendilerini \u00e7ok \u00fczd\u00fc\u011f\u00fcn\u00fc ifade eden Karag\u00f6z, T\u00fcrkiye&#8217;ye \u015fu mesajlar\u0131 yollad\u0131:\u200b\u200b\u200b\u200b\u200b\u200b\u200b<\/p>\n<p>&#8220;T\u00fcrkiye&#8217;ye benden b\u00fcy\u00fck selam. Allah T\u00fcrkleri korusun ve hayatlar\u0131na bereket versin. O deprem Allah&#8217;tan ama ben \u00e7ok \u00fcz\u00fcld\u00fcm orada ya\u015fananlara. \u00c7ok selam T\u00fcrklere hem T\u00fcrklere hem de T\u00fcrkiye&#8217;ye.&#8221;<\/p>\n<p><span class=\"detay-foto-editor\"><br \/>\n<a style=\"font-size: 12px; color: #444; text-decoration: none;\" href=\"https:\/\/www.aa.com.tr\/tr\/p\/abonelik-talep-formu\/1001\" target=\"_blank\" rel=\"noopener\"><\/p>\n<p><\/a><br \/>\n<\/span><\/p>\n<\/div>\n<p><script><br \/>\n\t  window.fbAsyncInit = function() {<br \/>\n\t\tFB.init({<br \/>\n\t\t  appId: '1855843514662870',<br \/>\n\t\t  status : true, \/\/ check login status<br \/>\n\t\t  cookie : true, \/\/ enable cookies to allow the server to access the session<br \/>\n\t\t  xfbml  : true  \/\/ parse XFBML<br \/>\n\t\t});<br \/>\n\t  };<\/p>\n<p>\t  (function() {<br \/>\n\t\tvar e = document.createElement('script');<br \/>\n\t\te.src=\"https:\/\/connect.facebook.net\/tr_TR\/all.js\";<br \/>\n\t\te.async = true;<br \/>\n\t\tdocument.getElementById('fb-root').appendChild(e);<br \/>\n\t  }());<br \/>\n    <\/script><\/p>\n","protected":false},"excerpt":{"rendered":"<p>Bar&#8217;da ya\u015fayan 75 ya\u015f\u0131ndaki Osmanl\u0131 torunu Bayaz\u0131t Karag\u00f6z (Bajazit Karadzuzovic), dedelerinin Karada\u011f&#8217;a geli\u015fini ve T\u00fcrk<\/p>\n","protected":false},"author":1,"featured_media":1160,"comment_status":"open","ping_status":"open","sticky":false,"template":"","format":"standard","meta":{"footnotes":""},"categories":[1],"tags":[],"class_list":["post-1159","post","type-post","status-publish","format-standard","has-post-thumbnail","hentry","category-blog"],"_links":{"self":[{"href":"https:\/\/haberkaradenizim.com\/index.php\/wp-json\/wp\/v2\/posts\/1159","targetHints":{"allow":["GET"]}}],"collection":[{"href":"https:\/\/haberkaradenizim.com\/index.php\/wp-json\/wp\/v2\/posts"}],"about":[{"href":"https:\/\/haberkaradenizim.com\/index.php\/wp-json\/wp\/v2\/types\/post"}],"author":[{"embeddable":true,"href":"https:\/\/haberkaradenizim.com\/index.php\/wp-json\/wp\/v2\/users\/1"}],"replies":[{"embeddable":true,"href":"https:\/\/haberkaradenizim.com\/index.php\/wp-json\/wp\/v2\/comments?post=1159"}],"version-history":[{"count":1,"href":"https:\/\/haberkaradenizim.com\/index.php\/wp-json\/wp\/v2\/posts\/1159\/revisions"}],"predecessor-version":[{"id":1170,"href":"https:\/\/haberkaradenizim.com\/index.php\/wp-json\/wp\/v2\/posts\/1159\/revisions\/1170"}],"wp:featuredmedia":[{"embeddable":true,"href":"https:\/\/haberkaradenizim.com\/index.php\/wp-json\/wp\/v2\/media\/1160"}],"wp:attachment":[{"href":"https:\/\/haberkaradenizim.com\/index.php\/wp-json\/wp\/v2\/media?parent=1159"}],"wp:term":[{"taxonomy":"category","embeddable":true,"href":"https:\/\/haberkaradenizim.com\/index.php\/wp-json\/wp\/v2\/categories?post=1159"},{"taxonomy":"post_tag","embeddable":true,"href":"https:\/\/haberkaradenizim.com\/index.php\/wp-json\/wp\/v2\/tags?post=1159"}],"curies":[{"name":"wp","href":"https:\/\/api.w.org\/{rel}","templated":true}]}}