{"id":1117,"date":"2023-07-01T10:36:21","date_gmt":"2023-07-01T07:36:21","guid":{"rendered":"https:\/\/haberkaradenizim.com\/?p=1117"},"modified":"2023-07-01T10:36:21","modified_gmt":"2023-07-01T07:36:21","slug":"fatih-portakal-sozcu-tvden-ayrildi-mi-hangi-kanala-gececek-neden-ayrildi-fatih-portakal-istifasini-mi-verdi-yeni-kanali-neresi-olacak-iste-detaylar","status":"publish","type":"post","link":"https:\/\/haberkaradenizim.com\/index.php\/2023\/07\/01\/fatih-portakal-sozcu-tvden-ayrildi-mi-hangi-kanala-gececek-neden-ayrildi-fatih-portakal-istifasini-mi-verdi-yeni-kanali-neresi-olacak-iste-detaylar\/","title":{"rendered":"Fatih Portakal S\u00f6zc\u00fc TV&#8217;den ayr\u0131ld\u0131 m\u0131, hangi kanala ge\u00e7ecek, neden ayr\u0131ld\u0131? Fatih Portakal istifas\u0131n\u0131 m\u0131 verdi? Yeni kanal\u0131 neresi olacak? \u0130\u015fte detaylar&#8230;."},"content":{"rendered":"\n<p><strong><a href=\"https:\/\/www.haberler.com\/fatih-portakal\/\">Fatih Portakal<\/a>, S\u00f6zc\u00fc TV&#8217;den \u015fimdilik ayr\u0131ld\u0131\u011f\u0131na dair bir a\u00e7\u0131klamada bulundu. Fatih Portakal s\u00f6zc\u00fcden ayr\u0131ld\u0131 m\u0131? Fatih Portakal hangi kanalda? Fatih Portakal hangi kanala ge\u00e7ecek, neden ayr\u0131ld\u0131? Fatih Portakal S\u00f6zc\u00fc TV&#8217;den istifa m\u0131 etti, yeni kanal\u0131 neresi olacak? \u0130\u015fte bilgil<\/strong>er&#8230;<\/p>\n\n\n\n<p id=\"inpage_reklam\"><ins><\/ins><\/p>\n\n\n\n<h3 class=\"wp-block-heading\">FAT\u0130H PORTAKAL S\u00d6ZC\u00dc TV&#8217;DEN AYRILDI MI 2023?<\/h3>\n\n\n\n<p>Fatih Portakal bug\u00fcn S\u00f6zc\u00fc TV Ana&nbsp;<a href=\"https:\/\/www.haberler.com\/\"><strong>Haber<\/strong><\/a>&nbsp;b\u00fclteninde sezonun son yay\u0131n\u0131n\u0131 yapaca\u011f\u0131n\u0131 s\u00f6yledi. Bunun ard\u0131ndan vatanda\u015flar Fatih Portakal&#8217;\u0131n kanaldan ayr\u0131l\u0131p ayr\u0131lmayaca\u011f\u0131n\u0131 merak etmi\u015fti.<\/p>\n\n\n\n<p><strong>Fatih Portakal&#8217;\u0131n a\u00e7\u0131klamalar\u0131ndan kesitler \u015f\u00f6yle:<\/strong><\/p>\n\n\n\n<p>&#8220;Bana m\u00fcsaade&#8230; Evet benim bug\u00fcn sezon i\u00e7indeki son yay\u0131n\u0131m. 20 Mart&#8217;ta ilk merhabam\u0131 demi\u015ftim size&#8230; A\u015fa\u011f\u0131 yukar\u0131 12-13 hafta sizlerle birlikte oldum. Bug\u00fcn de sezon finaliyle sizlerle birlikteyim. He sonras\u0131nda sizlerle olur muyum olmaz m\u0131y\u0131m onu zaman g\u00f6sterir, bilemiyorum. Ama ben&nbsp;<a href=\"https:\/\/www.haberler.com\/\"><strong>haber<\/strong><\/a>&nbsp;sunmaktan keyif al\u0131yorum.&#8221;<\/p>\n\n\n\n<p>&#8220;Bu \u00e7ekirdek ekiple harika bir 3 ay ge\u00e7irdim. \u0130lk defa birbirimizi tan\u0131d\u0131k ama epey al\u0131\u015ft\u0131k. Ki\u015filikleri, profesyonellikleri ve dostluklar\u0131 i\u00e7in \u00e7ok te\u015fekk\u00fcr ediyorum. 90 g\u00fcn i\u00e7inde bir ba\u015far\u0131 ortaya koyduysak bunun sebebi ekip ruhuna sahip olmak. Her birinize \u00e7ok te\u015fekk\u00fcr ediyorum sa\u011f olunuz, var olunuz. \u00d6zleyece\u011fim bu insanlar\u0131.&#8221;<\/p>\n\n\n\n<p>Bu a\u00e7\u0131klamalar\u0131n ard\u0131ndan Fatih Portakal&#8217;\u0131n S\u00f6zc\u00fc TV&#8217;den ayr\u0131ld\u0131\u011f\u0131 ve yeni kanala ge\u00e7ece\u011fi g\u00fcndeme geldi.<\/p>\n\n\n\n<h3 class=\"wp-block-heading\">FAT\u0130H PORTAKAL K\u0130MD\u0130R?<\/h3>\n\n\n\n<p>Fatih Portakal (d. 2 \u015eubat 1968, Nazilli), T\u00fcrk gazeteci, sunucu ve YouTuber.<\/p>\n\n\n\n<p>2 \u015eubat 1968&#8217;de Ayd\u0131n&#8217;\u0131n il\u00e7esi Nazilli&#8217;de do\u011fdu. Annesi Nazillili, Babas\u0131 Karacasuludur. \u0130lk\u00f6\u011frenimini Nazilli&#8217;de; orta ve lise \u00f6\u011frenimini \u0130zmir Atat\u00fcrk Lisesinde tamamlad\u0131. Y\u00fcksek \u00f6\u011frenimini \u0130stanbul \u00dcniversitesi \u0130\u015fletme Fak\u00fcltesinde tamamlad\u0131. 1994 y\u0131l\u0131nda y\u00fcksek lisans ve yabanc\u0131 dil e\u011fitimini yapmak \u00fczere Avustralya&#8217;ya gitti.<\/p>\n","protected":false},"excerpt":{"rendered":"<p>Fatih Portakal, S\u00f6zc\u00fc TV&#8217;den \u015fimdilik ayr\u0131ld\u0131\u011f\u0131na dair bir a\u00e7\u0131klamada bulundu. Fatih Portakal s\u00f6zc\u00fcden ayr\u0131ld\u0131 m\u0131?<\/p>\n","protected":false},"author":1,"featured_media":1118,"comment_status":"open","ping_status":"open","sticky":false,"template":"","format":"standard","meta":{"footnotes":""},"categories":[1],"tags":[42,43,46,45],"class_list":["post-1117","post","type-post","status-publish","format-standard","has-post-thumbnail","hentry","category-blog","tag-fatih-portakal","tag-fatih-portakal-sozcu","tag-sozcu","tag-sozcu-gazete"],"_links":{"self":[{"href":"https:\/\/haberkaradenizim.com\/index.php\/wp-json\/wp\/v2\/posts\/1117","targetHints":{"allow":["GET"]}}],"collection":[{"href":"https:\/\/haberkaradenizim.com\/index.php\/wp-json\/wp\/v2\/posts"}],"about":[{"href":"https:\/\/haberkaradenizim.com\/index.php\/wp-json\/wp\/v2\/types\/post"}],"author":[{"embeddable":true,"href":"https:\/\/haberkaradenizim.com\/index.php\/wp-json\/wp\/v2\/users\/1"}],"replies":[{"embeddable":true,"href":"https:\/\/haberkaradenizim.com\/index.php\/wp-json\/wp\/v2\/comments?post=1117"}],"version-history":[{"count":1,"href":"https:\/\/haberkaradenizim.com\/index.php\/wp-json\/wp\/v2\/posts\/1117\/revisions"}],"predecessor-version":[{"id":1119,"href":"https:\/\/haberkaradenizim.com\/index.php\/wp-json\/wp\/v2\/posts\/1117\/revisions\/1119"}],"wp:featuredmedia":[{"embeddable":true,"href":"https:\/\/haberkaradenizim.com\/index.php\/wp-json\/wp\/v2\/media\/1118"}],"wp:attachment":[{"href":"https:\/\/haberkaradenizim.com\/index.php\/wp-json\/wp\/v2\/media?parent=1117"}],"wp:term":[{"taxonomy":"category","embeddable":true,"href":"https:\/\/haberkaradenizim.com\/index.php\/wp-json\/wp\/v2\/categories?post=1117"},{"taxonomy":"post_tag","embeddable":true,"href":"https:\/\/haberkaradenizim.com\/index.php\/wp-json\/wp\/v2\/tags?post=1117"}],"curies":[{"name":"wp","href":"https:\/\/api.w.org\/{rel}","templated":true}]}}